{"id":6657,"date":"2022-08-22T22:16:21","date_gmt":"2022-08-22T20:16:21","guid":{"rendered":"http:\/\/victoriazmudz.pl\/wordpress\/?p=6657"},"modified":"2022-09-23T10:34:30","modified_gmt":"2022-09-23T08:34:30","slug":"victoria-ogniwo-wierzbica-1-8","status":"publish","type":"post","link":"http:\/\/victoriazmudz.pl\/wordpress\/2022\/08\/22\/victoria-ogniwo-wierzbica-1-8\/","title":{"rendered":"Victoria &#8211; Ogniwo Wierzbica 1:8"},"content":{"rendered":"<p><strong>Victoria \u017bmud\u017a &#8211; Ogniwo Wierzbica 1:8 (0:4)<br \/>\n<\/strong><\/p>\n<p><strong>Bramki<\/strong>: Damian Urba\u0144ski 53&#8242; &#8211; Karol Knot 12&#8242;, 24&#8242; (rzut karny), Karol Balcerek 26&#8242;, Marcel Sobiesiak 37&#8242;, Konrad Klimowicz 66&#8242;, Eryk Klimowicz 79&#8242;, Patryk B\u0105k 88&#8242;, Cezary Siwek 90&#8242;.<\/p>\n<p><span class=\"event-venue sp-event-venue\">Niestety, ju\u017c po pierwszej po\u0142owie by\u0142o jasne, \u017ce to dru\u017cyna Ogniwa wywiezie ze \u017bmudzi komplet punkt\u00f3w. Go\u015bcie grali po prostu zdecydowanie lepiej. Potwierdzili to strzelaj\u0105c ostatecznie w ca\u0142ym meczu a\u017c osiem goli.&nbsp; Efektowne by\u0142y zw\u0142aszcza gole Konrada Klimowicza (zanim trafi\u0142 do siatki to dryblingiem poradzi\u0142 sobie w pojedynkach z kilkoma naszymi zawodnikami) oraz Patryka B\u0105ka (strza\u0142 z woleja z pierwszej pi\u0142ki po do\u015brodkowaniu). Honorowego gola dla Victorii zdoby\u0142 Damian Urba\u0144ski, kt\u00f3ry swoim strza\u0142em przelobowa\u0142 bramkarza Ogniwa. Najbli\u017csza okazja do rehabilitacji nadarzy si\u0119 ju\u017c w \u015brod\u0119. Victoria w ramach III rundy Pucharu Polski LZPN zagra z Frasatti Fajs\u0142awice. Spotkanie odb\u0119dzie si\u0119 24.08 o godzinie 17:00 na stadionie w \u017bmudzi.<br \/>\n<\/span><span class=\"event-venue sp-event-venue\">&nbsp;<br \/>\n<\/span><strong>Victoria:<\/strong> Seniuk \u2013 Wierzbicki, Pieczykolan, Persona (72&#8242; Koguciuk), Kusy (58&#8242; Cymborski), Sta\u0144czykowski, Iwat (83&#8242; Grobelny), Kossowski, \u0141ubkowski, Damian Urba\u0144ski (60&#8242; Toporowski), Lecki (75&#8242; Roczon).<br \/>\ntrener: Piotr Moli\u0144ski<\/p>\n<p><strong>Ogniwo:<\/strong> Wojnowski (46&#8242; Budzy\u0144ski) &#8211; Sobiesiak, Pe\u0142czy\u0144ski (46&#8242; Dragan), Szanfisz (67&#8242; K\u0142os), Knot, B\u0105k, Balcerek (80&#8242; Siwek), Chlebiuk (46&#8242; D. Klimowicz), K. Klimowicz (67&#8242; Jusiuk), E. Klimowicz (80&#8242; Ga\u0142ecki), Dudu\u015b.<br \/>\ntrener: Krzysztof Bodziak<\/p>\n<p><strong>\u017b\u00f3\u0142te kartki: <\/strong>Sta\u0144czykowski.<strong><br \/>\n<\/strong><\/p>\n<p><strong>S\u0119dziowali: <\/strong>Wojciech Mr\u00f3z oraz asystenci:<span id=\"referees\"> Wojciech W\u00f3jcik, Jerzy Marciniak.<\/span><br \/>\n&nbsp;<br \/>\n<strong>Wyniki 2 kolejki:<br \/>\n<\/strong><div class=\"sportspress sp-widget-align-none\"><div class=\"sp-template sp-template-event-list\">\n\t\t<div class=\"sp-table-wrapper\">\n\t\t<table class=\"sportix-responsive-table sp-event-list sp-event-list-format-title sp-data-table sp-paginated-table sp-sortable-table sp-scrollable-table\" data-sp-rows=\"7\">\n\t\t\t<thead>\n\t\t\t\t<tr>\n\t\t\t\t\t<th class=\"data-date\">Data<\/th><th class=\"data-event\">Mecz<\/th><th class=\"data-time\">Wynik<\/th>\t\t\t\t<\/tr>\n\t\t\t<\/thead>\n\t\t\t<tbody>\n\t\t\t\t<tr class=\"sp-row sp-post alternate sp-row-no-0\" itemscope itemtype=\"http:\/\/schema.org\/SportsEvent\"><td class=\"data-date\" itemprop=\"startDate\" content=\"2022-08-31T17:00+02:00\" data-label=\"Date\"><a href=\"http:\/\/victoriazmudz.pl\/wordpress\/event\/6530\/ \"itemprop=\"url\"><date>2022-08-31 17:00:00<\/date>31\/08\/2022<\/a><\/td><td class=\"data-event\" data-label=\"Mecz\"><a href=\"http:\/\/victoriazmudz.pl\/wordpress\/event\/6530\/\"><span class=\"sportix-list-logo\"><img loading=\"lazy\" decoding=\"async\" width=\"25\" height=\"32\" src=\"http:\/\/victoriazmudz.pl\/wordpress\/wp-content\/uploads\/2020\/07\/wlodawianka_logo-25x32.png\" class=\"attachment-sportspress-fit-mini size-sportspress-fit-mini wp-post-image\" alt=\"\" \/><\/span> <span class=\"sportix-list-logo\"><img loading=\"lazy\" decoding=\"async\" width=\"24\" height=\"32\" src=\"http:\/\/victoriazmudz.pl\/wordpress\/wp-content\/uploads\/2020\/08\/brat-24x32.jpg\" class=\"attachment-sportspress-fit-mini size-sportspress-fit-mini wp-post-image\" alt=\"\" \/><\/span> W\u0142odawianka W\u0142odawa - Brat-Cukrownik Siennica Nad.<\/a><\/td><td class=\"data-time \" data-label=\"Godzina\/Wynik\"><a href=\"http:\/\/victoriazmudz.pl\/wordpress\/event\/6530\/\" itemprop=\"url\">5 - 2<\/a><\/td><\/tr><tr class=\"sp-row sp-post sp-row-no-1\" itemscope itemtype=\"http:\/\/schema.org\/SportsEvent\"><td class=\"data-date\" itemprop=\"startDate\" content=\"2022-08-21T17:00+02:00\" data-label=\"Date\"><a href=\"http:\/\/victoriazmudz.pl\/wordpress\/event\/6529\/ \"itemprop=\"url\"><date>2022-08-21 17:00:00<\/date>21\/08\/2022<\/a><\/td><td class=\"data-event\" data-label=\"Mecz\"><a href=\"http:\/\/victoriazmudz.pl\/wordpress\/event\/6529\/\"><span class=\"sportix-list-logo\"><img loading=\"lazy\" decoding=\"async\" width=\"32\" height=\"32\" src=\"http:\/\/victoriazmudz.pl\/wordpress\/wp-content\/uploads\/2020\/08\/orzel-32x32.png\" class=\"attachment-sportspress-fit-mini size-sportspress-fit-mini wp-post-image\" alt=\"\" \/><\/span> <span class=\"sportix-list-logo\"><img loading=\"lazy\" decoding=\"async\" width=\"32\" height=\"32\" src=\"http:\/\/victoriazmudz.pl\/wordpress\/wp-content\/uploads\/2020\/07\/unia_bialopole_logo-32x32.png\" class=\"attachment-sportspress-fit-mini size-sportspress-fit-mini wp-post-image\" alt=\"\" \/><\/span> Orze\u0142 Srebrzyszcze - Unia Bia\u0142opole<\/a><\/td><td class=\"data-time \" data-label=\"Godzina\/Wynik\"><a href=\"http:\/\/victoriazmudz.pl\/wordpress\/event\/6529\/\" itemprop=\"url\">1 - 5<\/a><\/td><\/tr><tr class=\"sp-row sp-post alternate sp-row-no-2\" itemscope itemtype=\"http:\/\/schema.org\/SportsEvent\"><td class=\"data-date\" itemprop=\"startDate\" content=\"2022-08-21T16:00+02:00\" data-label=\"Date\"><a href=\"http:\/\/victoriazmudz.pl\/wordpress\/event\/6526\/ \"itemprop=\"url\"><date>2022-08-21 16:00:00<\/date>21\/08\/2022<\/a><\/td><td class=\"data-event\" data-label=\"Mecz\"><a href=\"http:\/\/victoriazmudz.pl\/wordpress\/event\/6526\/\"><span class=\"sportix-list-logo\"><img loading=\"lazy\" decoding=\"async\" width=\"32\" height=\"32\" src=\"http:\/\/victoriazmudz.pl\/wordpress\/wp-content\/uploads\/2020\/08\/granica-32x32.jpg\" class=\"attachment-sportspress-fit-mini size-sportspress-fit-mini wp-post-image\" alt=\"\" \/><\/span> <span class=\"sportix-list-logo\"><img loading=\"lazy\" decoding=\"async\" width=\"32\" height=\"32\" src=\"http:\/\/victoriazmudz.pl\/wordpress\/wp-content\/uploads\/2020\/08\/hetman_zolkiewka-32x32.png\" class=\"attachment-sportspress-fit-mini size-sportspress-fit-mini wp-post-image\" alt=\"\" \/><\/span> Granica Dorohusk - Hetman \u017b\u00f3\u0142kiewka<\/a><\/td><td class=\"data-time \" data-label=\"Godzina\/Wynik\"><a href=\"http:\/\/victoriazmudz.pl\/wordpress\/event\/6526\/\" itemprop=\"url\">2 - 0<\/a><\/td><\/tr><tr class=\"sp-row sp-post sp-row-no-3\" itemscope itemtype=\"http:\/\/schema.org\/SportsEvent\"><td class=\"data-date\" itemprop=\"startDate\" content=\"2022-08-21T16:00+02:00\" data-label=\"Date\"><a href=\"http:\/\/victoriazmudz.pl\/wordpress\/event\/6527\/ \"itemprop=\"url\"><date>2022-08-21 16:00:00<\/date>21\/08\/2022<\/a><\/td><td class=\"data-event\" data-label=\"Mecz\"><a href=\"http:\/\/victoriazmudz.pl\/wordpress\/event\/6527\/\"><span class=\"sportix-list-logo\"><img loading=\"lazy\" decoding=\"async\" width=\"32\" height=\"32\" src=\"http:\/\/victoriazmudz.pl\/wordpress\/wp-content\/uploads\/2020\/07\/Victoria_Zmudz-32x32.jpg\" class=\"attachment-sportspress-fit-mini size-sportspress-fit-mini wp-post-image\" alt=\"\" \/><\/span> <span class=\"sportix-list-logo\"><img loading=\"lazy\" decoding=\"async\" width=\"32\" height=\"32\" src=\"http:\/\/victoriazmudz.pl\/wordpress\/wp-content\/uploads\/2020\/08\/ogniwo-32x32.jpg\" class=\"attachment-sportspress-fit-mini size-sportspress-fit-mini wp-post-image\" alt=\"\" \/><\/span> Victoria \u017bmud\u017a - Ogniwo Wierzbica<\/a><\/td><td class=\"data-time ok\" data-label=\"Godzina\/Wynik\"><a href=\"http:\/\/victoriazmudz.pl\/wordpress\/event\/6527\/\" itemprop=\"url\">1 - 8<\/a><\/td><\/tr><tr class=\"sp-row sp-post alternate sp-row-no-4\" itemscope itemtype=\"http:\/\/schema.org\/SportsEvent\"><td class=\"data-date\" itemprop=\"startDate\" content=\"2022-08-21T16:00+02:00\" data-label=\"Date\"><a href=\"http:\/\/victoriazmudz.pl\/wordpress\/event\/6528\/ \"itemprop=\"url\"><date>2022-08-21 16:00:00<\/date>21\/08\/2022<\/a><\/td><td class=\"data-event\" data-label=\"Mecz\"><a href=\"http:\/\/victoriazmudz.pl\/wordpress\/event\/6528\/\"><span class=\"sportix-list-logo\"><img loading=\"lazy\" decoding=\"async\" width=\"25\" height=\"32\" src=\"http:\/\/victoriazmudz.pl\/wordpress\/wp-content\/uploads\/2020\/08\/unia_rejowiec-25x32.png\" class=\"attachment-sportspress-fit-mini size-sportspress-fit-mini wp-post-image\" alt=\"\" \/><\/span> <span class=\"sportix-list-logo\"><img loading=\"lazy\" decoding=\"async\" width=\"32\" height=\"32\" src=\"http:\/\/victoriazmudz.pl\/wordpress\/wp-content\/uploads\/2022\/07\/spoldzielca-32x32.jpg\" class=\"attachment-sportspress-fit-mini size-sportspress-fit-mini wp-post-image\" alt=\"\" \/><\/span> Unia Rejowiec - Sp\u00f3\u0142dzielca Siedliszcze<\/a><\/td><td class=\"data-time \" data-label=\"Godzina\/Wynik\"><a href=\"http:\/\/victoriazmudz.pl\/wordpress\/event\/6528\/\" itemprop=\"url\">4 - 1<\/a><\/td><\/tr><tr class=\"sp-row sp-post sp-row-no-5\" itemscope itemtype=\"http:\/\/schema.org\/SportsEvent\"><td class=\"data-date\" itemprop=\"startDate\" content=\"2022-08-21T14:00+02:00\" data-label=\"Date\"><a href=\"http:\/\/victoriazmudz.pl\/wordpress\/event\/6525\/ \"itemprop=\"url\"><date>2022-08-21 14:00:00<\/date>21\/08\/2022<\/a><\/td><td class=\"data-event\" data-label=\"Mecz\"><a href=\"http:\/\/victoriazmudz.pl\/wordpress\/event\/6525\/\"><span class=\"sportix-list-logo\"><img loading=\"lazy\" decoding=\"async\" width=\"32\" height=\"32\" src=\"http:\/\/victoriazmudz.pl\/wordpress\/wp-content\/uploads\/2020\/07\/klos_logo-32x32.jpg\" class=\"attachment-sportspress-fit-mini size-sportspress-fit-mini wp-post-image\" alt=\"\" \/><\/span> <span class=\"sportix-list-logo\"><img loading=\"lazy\" decoding=\"async\" width=\"29\" height=\"32\" src=\"http:\/\/victoriazmudz.pl\/wordpress\/wp-content\/uploads\/2022\/07\/fajslawice-29x32.png\" class=\"attachment-sportspress-fit-mini size-sportspress-fit-mini wp-post-image\" alt=\"\" \/><\/span> K\u0142os Che\u0142m - Frassati Fajs\u0142awice<\/a><\/td><td class=\"data-time \" data-label=\"Godzina\/Wynik\"><a href=\"http:\/\/victoriazmudz.pl\/wordpress\/event\/6525\/\" itemprop=\"url\">1 - 0<\/a><\/td><\/tr><tr class=\"sp-row sp-post alternate sp-row-no-6\" itemscope itemtype=\"http:\/\/schema.org\/SportsEvent\"><td class=\"data-date\" itemprop=\"startDate\" content=\"2022-08-17T17:00+02:00\" data-label=\"Date\"><a href=\"http:\/\/victoriazmudz.pl\/wordpress\/event\/6524\/ \"itemprop=\"url\"><date>2022-08-17 17:00:00<\/date>17\/08\/2022<\/a><\/td><td class=\"data-event\" data-label=\"Mecz\"><a href=\"http:\/\/victoriazmudz.pl\/wordpress\/event\/6524\/\"><span class=\"sportix-list-logo\"><img loading=\"lazy\" decoding=\"async\" width=\"32\" height=\"32\" src=\"http:\/\/victoriazmudz.pl\/wordpress\/wp-content\/uploads\/2022\/07\/znicz_siennica-32x32.png\" class=\"attachment-sportspress-fit-mini size-sportspress-fit-mini wp-post-image\" alt=\"\" \/><\/span> <span class=\"sportix-list-logo\"><img loading=\"lazy\" decoding=\"async\" width=\"32\" height=\"32\" src=\"http:\/\/victoriazmudz.pl\/wordpress\/wp-content\/uploads\/2020\/08\/izbica-32x32.png\" class=\"attachment-sportspress-fit-mini size-sportspress-fit-mini wp-post-image\" alt=\"\" \/><\/span> Znicz Siennica R\u00f3\u017cana - Ruch Izbica<\/a><\/td><td class=\"data-time \" data-label=\"Godzina\/Wynik\"><a href=\"http:\/\/victoriazmudz.pl\/wordpress\/event\/6524\/\" itemprop=\"url\">0 - 7<\/a><\/td><\/tr>\t\t\t<\/tbody>\n\t\t<\/table>\n\t<\/div>\n\t<\/div><\/div><br \/>\n&nbsp;<br \/>\n<strong>Terminarz 3 kolejki:<br \/>\n<\/strong><div class=\"sportspress sp-widget-align-none\"><div class=\"sp-template sp-template-event-list\">\n\t\t<div class=\"sp-table-wrapper\">\n\t\t<table class=\"sportix-responsive-table sp-event-list sp-event-list-format-title sp-data-table sp-paginated-table sp-sortable-table sp-scrollable-table\" data-sp-rows=\"7\">\n\t\t\t<thead>\n\t\t\t\t<tr>\n\t\t\t\t\t<th class=\"data-date\">Data<\/th><th class=\"data-event\">Mecz<\/th><th class=\"data-time\">Wynik<\/th>\t\t\t\t<\/tr>\n\t\t\t<\/thead>\n\t\t\t<tbody>\n\t\t\t\t<tr class=\"sp-row sp-post alternate sp-row-no-0\" itemscope itemtype=\"http:\/\/schema.org\/SportsEvent\"><td class=\"data-date\" itemprop=\"startDate\" content=\"2022-08-28T16:00+02:00\" data-label=\"Date\"><a href=\"http:\/\/victoriazmudz.pl\/wordpress\/event\/6536\/ \"itemprop=\"url\"><date>2022-08-28 16:00:00<\/date>28\/08\/2022<\/a><\/td><td class=\"data-event\" data-label=\"Mecz\"><a href=\"http:\/\/victoriazmudz.pl\/wordpress\/event\/6536\/\"><span class=\"sportix-list-logo\"><img loading=\"lazy\" decoding=\"async\" width=\"32\" height=\"32\" src=\"http:\/\/victoriazmudz.pl\/wordpress\/wp-content\/uploads\/2020\/07\/unia_bialopole_logo-32x32.png\" class=\"attachment-sportspress-fit-mini size-sportspress-fit-mini wp-post-image\" alt=\"\" \/><\/span> <span class=\"sportix-list-logo\"><img loading=\"lazy\" decoding=\"async\" width=\"32\" height=\"32\" src=\"http:\/\/victoriazmudz.pl\/wordpress\/wp-content\/uploads\/2020\/07\/Victoria_Zmudz-32x32.jpg\" class=\"attachment-sportspress-fit-mini size-sportspress-fit-mini wp-post-image\" alt=\"\" \/><\/span> Unia Bia\u0142opole - Victoria \u017bmud\u017a<\/a><\/td><td class=\"data-time ok\" data-label=\"Godzina\/Wynik\"><a href=\"http:\/\/victoriazmudz.pl\/wordpress\/event\/6536\/\" itemprop=\"url\">3 - 0<\/a><\/td><\/tr><tr class=\"sp-row sp-post sp-row-no-1\" itemscope itemtype=\"http:\/\/schema.org\/SportsEvent\"><td class=\"data-date\" itemprop=\"startDate\" content=\"2022-08-28T16:00+02:00\" data-label=\"Date\"><a href=\"http:\/\/victoriazmudz.pl\/wordpress\/event\/6537\/ \"itemprop=\"url\"><date>2022-08-28 16:00:00<\/date>28\/08\/2022<\/a><\/td><td class=\"data-event\" data-label=\"Mecz\"><a href=\"http:\/\/victoriazmudz.pl\/wordpress\/event\/6537\/\"><span class=\"sportix-list-logo\"><img loading=\"lazy\" decoding=\"async\" width=\"32\" height=\"32\" src=\"http:\/\/victoriazmudz.pl\/wordpress\/wp-content\/uploads\/2020\/08\/hetman_zolkiewka-32x32.png\" class=\"attachment-sportspress-fit-mini size-sportspress-fit-mini wp-post-image\" alt=\"\" \/><\/span> <span class=\"sportix-list-logo\"><img loading=\"lazy\" decoding=\"async\" width=\"32\" height=\"32\" src=\"http:\/\/victoriazmudz.pl\/wordpress\/wp-content\/uploads\/2022\/07\/znicz_siennica-32x32.png\" class=\"attachment-sportspress-fit-mini size-sportspress-fit-mini wp-post-image\" alt=\"\" \/><\/span> Hetman \u017b\u00f3\u0142kiewka - Znicz Siennica R\u00f3\u017cana<\/a><\/td><td class=\"data-time \" data-label=\"Godzina\/Wynik\"><a href=\"http:\/\/victoriazmudz.pl\/wordpress\/event\/6537\/\" itemprop=\"url\">9 - 2<\/a><\/td><\/tr><tr class=\"sp-row sp-post alternate sp-row-no-2\" itemscope itemtype=\"http:\/\/schema.org\/SportsEvent\"><td class=\"data-date\" itemprop=\"startDate\" content=\"2022-08-27T17:00+02:00\" data-label=\"Date\"><a href=\"http:\/\/victoriazmudz.pl\/wordpress\/event\/6535\/ \"itemprop=\"url\"><date>2022-08-27 17:00:00<\/date>27\/08\/2022<\/a><\/td><td class=\"data-event\" data-label=\"Mecz\"><a href=\"http:\/\/victoriazmudz.pl\/wordpress\/event\/6535\/\"><span class=\"sportix-list-logo\"><img loading=\"lazy\" decoding=\"async\" width=\"29\" height=\"32\" src=\"http:\/\/victoriazmudz.pl\/wordpress\/wp-content\/uploads\/2022\/07\/fajslawice-29x32.png\" class=\"attachment-sportspress-fit-mini size-sportspress-fit-mini wp-post-image\" alt=\"\" \/><\/span> <span class=\"sportix-list-logo\"><img loading=\"lazy\" decoding=\"async\" width=\"25\" height=\"32\" src=\"http:\/\/victoriazmudz.pl\/wordpress\/wp-content\/uploads\/2020\/08\/unia_rejowiec-25x32.png\" class=\"attachment-sportspress-fit-mini size-sportspress-fit-mini wp-post-image\" alt=\"\" \/><\/span> Frassati Fajs\u0142awice - Unia Rejowiec<\/a><\/td><td class=\"data-time \" data-label=\"Godzina\/Wynik\"><a href=\"http:\/\/victoriazmudz.pl\/wordpress\/event\/6535\/\" itemprop=\"url\">3 - 2<\/a><\/td><\/tr><tr class=\"sp-row sp-post sp-row-no-3\" itemscope itemtype=\"http:\/\/schema.org\/SportsEvent\"><td class=\"data-date\" itemprop=\"startDate\" content=\"2022-08-27T16:00+02:00\" data-label=\"Date\"><a href=\"http:\/\/victoriazmudz.pl\/wordpress\/event\/6534\/ \"itemprop=\"url\"><date>2022-08-27 16:00:00<\/date>27\/08\/2022<\/a><\/td><td class=\"data-event\" data-label=\"Mecz\"><a href=\"http:\/\/victoriazmudz.pl\/wordpress\/event\/6534\/\"><span class=\"sportix-list-logo\"><img loading=\"lazy\" decoding=\"async\" width=\"32\" height=\"32\" src=\"http:\/\/victoriazmudz.pl\/wordpress\/wp-content\/uploads\/2022\/07\/spoldzielca-32x32.jpg\" class=\"attachment-sportspress-fit-mini size-sportspress-fit-mini wp-post-image\" alt=\"\" \/><\/span> <span class=\"sportix-list-logo\"><img loading=\"lazy\" decoding=\"async\" width=\"32\" height=\"32\" src=\"http:\/\/victoriazmudz.pl\/wordpress\/wp-content\/uploads\/2020\/08\/granica-32x32.jpg\" class=\"attachment-sportspress-fit-mini size-sportspress-fit-mini wp-post-image\" alt=\"\" \/><\/span> Sp\u00f3\u0142dzielca Siedliszcze - Granica Dorohusk<\/a><\/td><td class=\"data-time \" data-label=\"Godzina\/Wynik\"><a href=\"http:\/\/victoriazmudz.pl\/wordpress\/event\/6534\/\" itemprop=\"url\">1 - 0<\/a><\/td><\/tr><tr class=\"sp-row sp-post alternate sp-row-no-4\" itemscope itemtype=\"http:\/\/schema.org\/SportsEvent\"><td class=\"data-date\" itemprop=\"startDate\" content=\"2022-08-27T13:30+02:00\" data-label=\"Date\"><a href=\"http:\/\/victoriazmudz.pl\/wordpress\/event\/6533\/ \"itemprop=\"url\"><date>2022-08-27 13:30:00<\/date>27\/08\/2022<\/a><\/td><td class=\"data-event\" data-label=\"Mecz\"><a href=\"http:\/\/victoriazmudz.pl\/wordpress\/event\/6533\/\"><span class=\"sportix-list-logo\"><img loading=\"lazy\" decoding=\"async\" width=\"32\" height=\"32\" src=\"http:\/\/victoriazmudz.pl\/wordpress\/wp-content\/uploads\/2020\/08\/ogniwo-32x32.jpg\" class=\"attachment-sportspress-fit-mini size-sportspress-fit-mini wp-post-image\" alt=\"\" \/><\/span> <span class=\"sportix-list-logo\"><img loading=\"lazy\" decoding=\"async\" width=\"25\" height=\"32\" src=\"http:\/\/victoriazmudz.pl\/wordpress\/wp-content\/uploads\/2020\/07\/wlodawianka_logo-25x32.png\" class=\"attachment-sportspress-fit-mini size-sportspress-fit-mini wp-post-image\" alt=\"\" \/><\/span> Ogniwo Wierzbica - W\u0142odawianka W\u0142odawa<\/a><\/td><td class=\"data-time \" data-label=\"Godzina\/Wynik\"><a href=\"http:\/\/victoriazmudz.pl\/wordpress\/event\/6533\/\" itemprop=\"url\">5 - 2<\/a><\/td><\/tr><tr class=\"sp-row sp-post sp-row-no-5\" itemscope itemtype=\"http:\/\/schema.org\/SportsEvent\"><td class=\"data-date\" itemprop=\"startDate\" content=\"2022-08-27T13:00+02:00\" data-label=\"Date\"><a href=\"http:\/\/victoriazmudz.pl\/wordpress\/event\/6532\/ \"itemprop=\"url\"><date>2022-08-27 13:00:00<\/date>27\/08\/2022<\/a><\/td><td class=\"data-event\" data-label=\"Mecz\"><a href=\"http:\/\/victoriazmudz.pl\/wordpress\/event\/6532\/\"><span class=\"sportix-list-logo\"><img loading=\"lazy\" decoding=\"async\" width=\"24\" height=\"32\" src=\"http:\/\/victoriazmudz.pl\/wordpress\/wp-content\/uploads\/2020\/08\/brat-24x32.jpg\" class=\"attachment-sportspress-fit-mini size-sportspress-fit-mini wp-post-image\" alt=\"\" \/><\/span> <span class=\"sportix-list-logo\"><img loading=\"lazy\" decoding=\"async\" width=\"32\" height=\"32\" src=\"http:\/\/victoriazmudz.pl\/wordpress\/wp-content\/uploads\/2020\/07\/klos_logo-32x32.jpg\" class=\"attachment-sportspress-fit-mini size-sportspress-fit-mini wp-post-image\" alt=\"\" \/><\/span> Brat-Cukrownik Siennica Nad. - K\u0142os Che\u0142m<\/a><\/td><td class=\"data-time \" data-label=\"Godzina\/Wynik\"><a href=\"http:\/\/victoriazmudz.pl\/wordpress\/event\/6532\/\" itemprop=\"url\">1 - 5<\/a><\/td><\/tr><tr class=\"sp-row sp-post alternate sp-row-no-6\" itemscope itemtype=\"http:\/\/schema.org\/SportsEvent\"><td class=\"data-date\" itemprop=\"startDate\" content=\"2022-08-27T12:00+02:00\" data-label=\"Date\"><a href=\"http:\/\/victoriazmudz.pl\/wordpress\/event\/6531\/ \"itemprop=\"url\"><date>2022-08-27 12:00:00<\/date>27\/08\/2022<\/a><\/td><td class=\"data-event\" data-label=\"Mecz\"><a href=\"http:\/\/victoriazmudz.pl\/wordpress\/event\/6531\/\"><span class=\"sportix-list-logo\"><img loading=\"lazy\" decoding=\"async\" width=\"32\" height=\"32\" src=\"http:\/\/victoriazmudz.pl\/wordpress\/wp-content\/uploads\/2020\/08\/izbica-32x32.png\" class=\"attachment-sportspress-fit-mini size-sportspress-fit-mini wp-post-image\" alt=\"\" \/><\/span> <span class=\"sportix-list-logo\"><img loading=\"lazy\" decoding=\"async\" width=\"32\" height=\"32\" src=\"http:\/\/victoriazmudz.pl\/wordpress\/wp-content\/uploads\/2020\/08\/orzel-32x32.png\" class=\"attachment-sportspress-fit-mini size-sportspress-fit-mini wp-post-image\" alt=\"\" \/><\/span> Ruch Izbica - Orze\u0142 Srebrzyszcze<\/a><\/td><td class=\"data-time \" data-label=\"Godzina\/Wynik\"><a href=\"http:\/\/victoriazmudz.pl\/wordpress\/event\/6531\/\" itemprop=\"url\">1 - 0<\/a><\/td><\/tr>\t\t\t<\/tbody>\n\t\t<\/table>\n\t<\/div>\n\t<\/div><\/div><br \/>\n&nbsp;&nbsp;<\/p>\n<p>ngg_shortcode_0_placeholder&nbsp;Autor zdj\u0119\u0107: Pawe\u0142 Gorczycki<br \/>\n&nbsp;<br \/>\n<a href=\"http:\/\/victoriazmudz.pl\/wordpress\/2022\/08\/15\/victoria-wlodawianka-2-6\/\">1 kolejka: Victoria &#8211; W\u0142odawianka W\u0142odawa 2:6<\/a><br \/>\n&nbsp;<br \/>\n<a href=\"http:\/\/victoriazmudz.pl\/wordpress\/live\/\">Wyniki na \u017cywo<\/a><a href=\"http:\/\/victoriazmudz.pl\/wordpress\/rozgrywki\/wyniki-i-terminarz\/\"><br \/>\n<\/a><a href=\"http:\/\/victoriazmudz.pl\/wordpress\/wyniki-i-terminarz\/\">Wyniki i terminarz<\/a><a href=\"http:\/\/victoriazmudz.pl\/wordpress\/rozgrywki\/wyniki-i-terminarz\/\"><br \/>\n<\/a><a href=\"http:\/\/victoriazmudz.pl\/wordpress\/rozgrywki\/tabela-ligowa\/\">Aktualna tabela ligowa<\/a><\/p>\n","protected":false},"excerpt":{"rendered":"<p>Victoria \u017bmud\u017a &#8211; Ogniwo Wierzbica 1:8 (0:4) Bramki: Damian Urba\u0144ski 53&#8242; &#8211; Karol Knot 12&#8242;, 24&#8242; (rzut karny), Karol Balcerek 26&#8242;, Marcel Sobiesiak 37&#8242;, Konrad Klimowicz 66&#8242;, Eryk Klimowicz 79&#8242;, Patryk B\u0105k 88&#8242;, Cezary Siwek 90&#8242;. Niestety, ju\u017c po pierwszej po\u0142owie by\u0142o jasne, \u017ce to dru\u017cyna Ogniwa wywiezie ze \u017bmudzi komplet punkt\u00f3w. Go\u015bcie grali po&#8230;<\/p>\n","protected":false},"author":1,"featured_media":6659,"comment_status":"open","ping_status":"open","sticky":false,"template":"","format":"standard","meta":{"ngg_post_thumbnail":0,"_jetpack_memberships_contains_paid_content":false,"footnotes":"","jetpack_publicize_message":"","jetpack_publicize_feature_enabled":true,"jetpack_social_post_already_shared":true,"jetpack_social_options":{"image_generator_settings":{"template":"highway","default_image_id":0,"font":"","enabled":false},"version":2}},"categories":[224,223],"tags":[226,225,242,115],"class_list":["post-6657","post","type-post","status-publish","format-standard","has-post-thumbnail","hentry","category-liga-okregowa","category-sezon-2022-2023","tag-chelmska-klasa-okregowa","tag-liga-okregowa","tag-ogniwo-wierzbica","tag-victoria-zmudz"],"yoast_head":"<!-- This site is optimized with the Yoast SEO plugin v27.3 - https:\/\/yoast.com\/product\/yoast-seo-wordpress\/ -->\n<title>Victoria - Ogniwo Wierzbica 1:8 - Victoria \u017bmud\u017a<\/title>\n<meta name=\"robots\" content=\"index, follow, max-snippet:-1, max-image-preview:large, max-video-preview:-1\" \/>\n<link rel=\"canonical\" href=\"http:\/\/victoriazmudz.pl\/wordpress\/2022\/08\/22\/victoria-ogniwo-wierzbica-1-8\/\" \/>\n<meta property=\"og:locale\" content=\"pl_PL\" \/>\n<meta property=\"og:type\" content=\"article\" \/>\n<meta property=\"og:title\" content=\"Victoria - Ogniwo Wierzbica 1:8 - Victoria \u017bmud\u017a\" \/>\n<meta property=\"og:description\" content=\"Victoria \u017bmud\u017a &#8211; Ogniwo Wierzbica 1:8 (0:4) Bramki: Damian Urba\u0144ski 53&#8242; &#8211; Karol Knot 12&#8242;, 24&#8242; (rzut karny), Karol Balcerek 26&#8242;, Marcel Sobiesiak 37&#8242;, Konrad Klimowicz 66&#8242;, Eryk Klimowicz 79&#8242;, Patryk B\u0105k 88&#8242;, Cezary Siwek 90&#8242;. Niestety, ju\u017c po pierwszej po\u0142owie by\u0142o jasne, \u017ce to dru\u017cyna Ogniwa wywiezie ze \u017bmudzi komplet punkt\u00f3w. Go\u015bcie grali po...\" \/>\n<meta property=\"og:url\" content=\"http:\/\/victoriazmudz.pl\/wordpress\/2022\/08\/22\/victoria-ogniwo-wierzbica-1-8\/\" \/>\n<meta property=\"og:site_name\" content=\"Victoria \u017bmud\u017a\" \/>\n<meta property=\"article:publisher\" content=\"https:\/\/pl-pl.facebook.com\/pages\/category\/Amateur-Sports-Team\/Ks-Victoria-%c5%bbmud%c5%ba-464132730352427\/\" \/>\n<meta property=\"article:published_time\" content=\"2022-08-22T20:16:21+00:00\" \/>\n<meta property=\"article:modified_time\" content=\"2022-09-23T08:34:30+00:00\" \/>\n<meta property=\"og:image\" content=\"http:\/\/victoriazmudz.pl\/wordpress\/wp-content\/uploads\/2022\/08\/300979398_5224583810973938_8839165959511633833_n.jpg\" \/>\n\t<meta property=\"og:image:width\" content=\"960\" \/>\n\t<meta property=\"og:image:height\" content=\"720\" \/>\n\t<meta property=\"og:image:type\" content=\"image\/jpeg\" \/>\n<meta name=\"author\" content=\"Pawe\u0142 Mazur\" \/>\n<meta name=\"twitter:card\" content=\"summary_large_image\" \/>\n<meta name=\"twitter:creator\" content=\"@VictoriaZmudz\" \/>\n<meta name=\"twitter:site\" content=\"@VictoriaZmudz\" \/>\n<meta name=\"twitter:label1\" content=\"Napisane przez\" \/>\n\t<meta name=\"twitter:data1\" content=\"Pawe\u0142 Mazur\" \/>\n\t<meta name=\"twitter:label2\" content=\"Szacowany czas czytania\" \/>\n\t<meta name=\"twitter:data2\" content=\"2 minuty\" \/>\n<script type=\"application\/ld+json\" class=\"yoast-schema-graph\">{\"@context\":\"https:\\\/\\\/schema.org\",\"@graph\":[{\"@type\":\"Article\",\"@id\":\"http:\\\/\\\/victoriazmudz.pl\\\/wordpress\\\/2022\\\/08\\\/22\\\/victoria-ogniwo-wierzbica-1-8\\\/#article\",\"isPartOf\":{\"@id\":\"http:\\\/\\\/victoriazmudz.pl\\\/wordpress\\\/2022\\\/08\\\/22\\\/victoria-ogniwo-wierzbica-1-8\\\/\"},\"author\":{\"name\":\"Pawe\u0142 Mazur\",\"@id\":\"http:\\\/\\\/victoriazmudz.pl\\\/wordpress\\\/#\\\/schema\\\/person\\\/8fd5b2755f2045ef668c4124c6615ca3\"},\"headline\":\"Victoria &#8211; Ogniwo Wierzbica 1:8\",\"datePublished\":\"2022-08-22T20:16:21+00:00\",\"dateModified\":\"2022-09-23T08:34:30+00:00\",\"mainEntityOfPage\":{\"@id\":\"http:\\\/\\\/victoriazmudz.pl\\\/wordpress\\\/2022\\\/08\\\/22\\\/victoria-ogniwo-wierzbica-1-8\\\/\"},\"wordCount\":347,\"commentCount\":0,\"publisher\":{\"@id\":\"http:\\\/\\\/victoriazmudz.pl\\\/wordpress\\\/#organization\"},\"image\":{\"@id\":\"http:\\\/\\\/victoriazmudz.pl\\\/wordpress\\\/2022\\\/08\\\/22\\\/victoria-ogniwo-wierzbica-1-8\\\/#primaryimage\"},\"thumbnailUrl\":\"http:\\\/\\\/victoriazmudz.pl\\\/wordpress\\\/wp-content\\\/uploads\\\/2022\\\/08\\\/300979398_5224583810973938_8839165959511633833_n.jpg\",\"keywords\":[\"che\u0142mska klasa okr\u0119gowa\",\"liga okr\u0119gowa\",\"Ogniwo Wierzbica\",\"Victoria \u017bmud\u017a\"],\"articleSection\":[\"liga okr\u0119gowa\",\"sezon 2022\\\/2023\"],\"inLanguage\":\"pl-PL\",\"potentialAction\":[{\"@type\":\"CommentAction\",\"name\":\"Comment\",\"target\":[\"http:\\\/\\\/victoriazmudz.pl\\\/wordpress\\\/2022\\\/08\\\/22\\\/victoria-ogniwo-wierzbica-1-8\\\/#respond\"]}]},{\"@type\":\"WebPage\",\"@id\":\"http:\\\/\\\/victoriazmudz.pl\\\/wordpress\\\/2022\\\/08\\\/22\\\/victoria-ogniwo-wierzbica-1-8\\\/\",\"url\":\"http:\\\/\\\/victoriazmudz.pl\\\/wordpress\\\/2022\\\/08\\\/22\\\/victoria-ogniwo-wierzbica-1-8\\\/\",\"name\":\"Victoria - Ogniwo Wierzbica 1:8 - Victoria \u017bmud\u017a\",\"isPartOf\":{\"@id\":\"http:\\\/\\\/victoriazmudz.pl\\\/wordpress\\\/#website\"},\"primaryImageOfPage\":{\"@id\":\"http:\\\/\\\/victoriazmudz.pl\\\/wordpress\\\/2022\\\/08\\\/22\\\/victoria-ogniwo-wierzbica-1-8\\\/#primaryimage\"},\"image\":{\"@id\":\"http:\\\/\\\/victoriazmudz.pl\\\/wordpress\\\/2022\\\/08\\\/22\\\/victoria-ogniwo-wierzbica-1-8\\\/#primaryimage\"},\"thumbnailUrl\":\"http:\\\/\\\/victoriazmudz.pl\\\/wordpress\\\/wp-content\\\/uploads\\\/2022\\\/08\\\/300979398_5224583810973938_8839165959511633833_n.jpg\",\"datePublished\":\"2022-08-22T20:16:21+00:00\",\"dateModified\":\"2022-09-23T08:34:30+00:00\",\"breadcrumb\":{\"@id\":\"http:\\\/\\\/victoriazmudz.pl\\\/wordpress\\\/2022\\\/08\\\/22\\\/victoria-ogniwo-wierzbica-1-8\\\/#breadcrumb\"},\"inLanguage\":\"pl-PL\",\"potentialAction\":[{\"@type\":\"ReadAction\",\"target\":[\"http:\\\/\\\/victoriazmudz.pl\\\/wordpress\\\/2022\\\/08\\\/22\\\/victoria-ogniwo-wierzbica-1-8\\\/\"]}]},{\"@type\":\"ImageObject\",\"inLanguage\":\"pl-PL\",\"@id\":\"http:\\\/\\\/victoriazmudz.pl\\\/wordpress\\\/2022\\\/08\\\/22\\\/victoria-ogniwo-wierzbica-1-8\\\/#primaryimage\",\"url\":\"http:\\\/\\\/victoriazmudz.pl\\\/wordpress\\\/wp-content\\\/uploads\\\/2022\\\/08\\\/300979398_5224583810973938_8839165959511633833_n.jpg\",\"contentUrl\":\"http:\\\/\\\/victoriazmudz.pl\\\/wordpress\\\/wp-content\\\/uploads\\\/2022\\\/08\\\/300979398_5224583810973938_8839165959511633833_n.jpg\",\"width\":960,\"height\":720},{\"@type\":\"BreadcrumbList\",\"@id\":\"http:\\\/\\\/victoriazmudz.pl\\\/wordpress\\\/2022\\\/08\\\/22\\\/victoria-ogniwo-wierzbica-1-8\\\/#breadcrumb\",\"itemListElement\":[{\"@type\":\"ListItem\",\"position\":1,\"name\":\"Strona g\u0142\u00f3wna\",\"item\":\"http:\\\/\\\/victoriazmudz.pl\\\/wordpress\\\/\"},{\"@type\":\"ListItem\",\"position\":2,\"name\":\"Victoria &#8211; Ogniwo Wierzbica 1:8\"}]},{\"@type\":\"WebSite\",\"@id\":\"http:\\\/\\\/victoriazmudz.pl\\\/wordpress\\\/#website\",\"url\":\"http:\\\/\\\/victoriazmudz.pl\\\/wordpress\\\/\",\"name\":\"Victoria \u017bmud\u017a\",\"description\":\"Strona klubowa Victorii \u017bmud\u017a\",\"publisher\":{\"@id\":\"http:\\\/\\\/victoriazmudz.pl\\\/wordpress\\\/#organization\"},\"potentialAction\":[{\"@type\":\"SearchAction\",\"target\":{\"@type\":\"EntryPoint\",\"urlTemplate\":\"http:\\\/\\\/victoriazmudz.pl\\\/wordpress\\\/?s={search_term_string}\"},\"query-input\":{\"@type\":\"PropertyValueSpecification\",\"valueRequired\":true,\"valueName\":\"search_term_string\"}}],\"inLanguage\":\"pl-PL\"},{\"@type\":\"Organization\",\"@id\":\"http:\\\/\\\/victoriazmudz.pl\\\/wordpress\\\/#organization\",\"name\":\"Victoria \u017bmud\u017a\",\"url\":\"http:\\\/\\\/victoriazmudz.pl\\\/wordpress\\\/\",\"logo\":{\"@type\":\"ImageObject\",\"inLanguage\":\"pl-PL\",\"@id\":\"http:\\\/\\\/victoriazmudz.pl\\\/wordpress\\\/#\\\/schema\\\/logo\\\/image\\\/\",\"url\":\"http:\\\/\\\/victoriazmudz.pl\\\/wordpress\\\/wp-content\\\/uploads\\\/2020\\\/07\\\/logo_mini.png\",\"contentUrl\":\"http:\\\/\\\/victoriazmudz.pl\\\/wordpress\\\/wp-content\\\/uploads\\\/2020\\\/07\\\/logo_mini.png\",\"width\":139,\"height\":181,\"caption\":\"Victoria \u017bmud\u017a\"},\"image\":{\"@id\":\"http:\\\/\\\/victoriazmudz.pl\\\/wordpress\\\/#\\\/schema\\\/logo\\\/image\\\/\"},\"sameAs\":[\"https:\\\/\\\/pl-pl.facebook.com\\\/pages\\\/category\\\/Amateur-Sports-Team\\\/Ks-Victoria-\u017bmud\u017a-464132730352427\\\/\",\"https:\\\/\\\/x.com\\\/VictoriaZmudz\"]},{\"@type\":\"Person\",\"@id\":\"http:\\\/\\\/victoriazmudz.pl\\\/wordpress\\\/#\\\/schema\\\/person\\\/8fd5b2755f2045ef668c4124c6615ca3\",\"name\":\"Pawe\u0142 Mazur\",\"image\":{\"@type\":\"ImageObject\",\"inLanguage\":\"pl-PL\",\"@id\":\"https:\\\/\\\/secure.gravatar.com\\\/avatar\\\/bdffa9f55c6323321630004f0d4a47e5ecff9d524bf4f3d318f33a376b3c890e?s=96&d=mm&r=g\",\"url\":\"https:\\\/\\\/secure.gravatar.com\\\/avatar\\\/bdffa9f55c6323321630004f0d4a47e5ecff9d524bf4f3d318f33a376b3c890e?s=96&d=mm&r=g\",\"contentUrl\":\"https:\\\/\\\/secure.gravatar.com\\\/avatar\\\/bdffa9f55c6323321630004f0d4a47e5ecff9d524bf4f3d318f33a376b3c890e?s=96&d=mm&r=g\",\"caption\":\"Pawe\u0142 Mazur\"},\"sameAs\":[\"http:\"],\"url\":\"http:\\\/\\\/victoriazmudz.pl\\\/wordpress\\\/author\\\/pabloo99\\\/\"}]}<\/script>\n<!-- \/ Yoast SEO plugin. -->","yoast_head_json":{"title":"Victoria - Ogniwo Wierzbica 1:8 - Victoria \u017bmud\u017a","robots":{"index":"index","follow":"follow","max-snippet":"max-snippet:-1","max-image-preview":"max-image-preview:large","max-video-preview":"max-video-preview:-1"},"canonical":"http:\/\/victoriazmudz.pl\/wordpress\/2022\/08\/22\/victoria-ogniwo-wierzbica-1-8\/","og_locale":"pl_PL","og_type":"article","og_title":"Victoria - Ogniwo Wierzbica 1:8 - Victoria \u017bmud\u017a","og_description":"Victoria \u017bmud\u017a &#8211; Ogniwo Wierzbica 1:8 (0:4) Bramki: Damian Urba\u0144ski 53&#8242; &#8211; Karol Knot 12&#8242;, 24&#8242; (rzut karny), Karol Balcerek 26&#8242;, Marcel Sobiesiak 37&#8242;, Konrad Klimowicz 66&#8242;, Eryk Klimowicz 79&#8242;, Patryk B\u0105k 88&#8242;, Cezary Siwek 90&#8242;. Niestety, ju\u017c po pierwszej po\u0142owie by\u0142o jasne, \u017ce to dru\u017cyna Ogniwa wywiezie ze \u017bmudzi komplet punkt\u00f3w. Go\u015bcie grali po...","og_url":"http:\/\/victoriazmudz.pl\/wordpress\/2022\/08\/22\/victoria-ogniwo-wierzbica-1-8\/","og_site_name":"Victoria \u017bmud\u017a","article_publisher":"https:\/\/pl-pl.facebook.com\/pages\/category\/Amateur-Sports-Team\/Ks-Victoria-%c5%bbmud%c5%ba-464132730352427\/","article_published_time":"2022-08-22T20:16:21+00:00","article_modified_time":"2022-09-23T08:34:30+00:00","og_image":[{"width":960,"height":720,"url":"http:\/\/victoriazmudz.pl\/wordpress\/wp-content\/uploads\/2022\/08\/300979398_5224583810973938_8839165959511633833_n.jpg","type":"image\/jpeg"}],"author":"Pawe\u0142 Mazur","twitter_card":"summary_large_image","twitter_creator":"@VictoriaZmudz","twitter_site":"@VictoriaZmudz","twitter_misc":{"Napisane przez":"Pawe\u0142 Mazur","Szacowany czas czytania":"2 minuty"},"schema":{"@context":"https:\/\/schema.org","@graph":[{"@type":"Article","@id":"http:\/\/victoriazmudz.pl\/wordpress\/2022\/08\/22\/victoria-ogniwo-wierzbica-1-8\/#article","isPartOf":{"@id":"http:\/\/victoriazmudz.pl\/wordpress\/2022\/08\/22\/victoria-ogniwo-wierzbica-1-8\/"},"author":{"name":"Pawe\u0142 Mazur","@id":"http:\/\/victoriazmudz.pl\/wordpress\/#\/schema\/person\/8fd5b2755f2045ef668c4124c6615ca3"},"headline":"Victoria &#8211; Ogniwo Wierzbica 1:8","datePublished":"2022-08-22T20:16:21+00:00","dateModified":"2022-09-23T08:34:30+00:00","mainEntityOfPage":{"@id":"http:\/\/victoriazmudz.pl\/wordpress\/2022\/08\/22\/victoria-ogniwo-wierzbica-1-8\/"},"wordCount":347,"commentCount":0,"publisher":{"@id":"http:\/\/victoriazmudz.pl\/wordpress\/#organization"},"image":{"@id":"http:\/\/victoriazmudz.pl\/wordpress\/2022\/08\/22\/victoria-ogniwo-wierzbica-1-8\/#primaryimage"},"thumbnailUrl":"http:\/\/victoriazmudz.pl\/wordpress\/wp-content\/uploads\/2022\/08\/300979398_5224583810973938_8839165959511633833_n.jpg","keywords":["che\u0142mska klasa okr\u0119gowa","liga okr\u0119gowa","Ogniwo Wierzbica","Victoria \u017bmud\u017a"],"articleSection":["liga okr\u0119gowa","sezon 2022\/2023"],"inLanguage":"pl-PL","potentialAction":[{"@type":"CommentAction","name":"Comment","target":["http:\/\/victoriazmudz.pl\/wordpress\/2022\/08\/22\/victoria-ogniwo-wierzbica-1-8\/#respond"]}]},{"@type":"WebPage","@id":"http:\/\/victoriazmudz.pl\/wordpress\/2022\/08\/22\/victoria-ogniwo-wierzbica-1-8\/","url":"http:\/\/victoriazmudz.pl\/wordpress\/2022\/08\/22\/victoria-ogniwo-wierzbica-1-8\/","name":"Victoria - Ogniwo Wierzbica 1:8 - Victoria \u017bmud\u017a","isPartOf":{"@id":"http:\/\/victoriazmudz.pl\/wordpress\/#website"},"primaryImageOfPage":{"@id":"http:\/\/victoriazmudz.pl\/wordpress\/2022\/08\/22\/victoria-ogniwo-wierzbica-1-8\/#primaryimage"},"image":{"@id":"http:\/\/victoriazmudz.pl\/wordpress\/2022\/08\/22\/victoria-ogniwo-wierzbica-1-8\/#primaryimage"},"thumbnailUrl":"http:\/\/victoriazmudz.pl\/wordpress\/wp-content\/uploads\/2022\/08\/300979398_5224583810973938_8839165959511633833_n.jpg","datePublished":"2022-08-22T20:16:21+00:00","dateModified":"2022-09-23T08:34:30+00:00","breadcrumb":{"@id":"http:\/\/victoriazmudz.pl\/wordpress\/2022\/08\/22\/victoria-ogniwo-wierzbica-1-8\/#breadcrumb"},"inLanguage":"pl-PL","potentialAction":[{"@type":"ReadAction","target":["http:\/\/victoriazmudz.pl\/wordpress\/2022\/08\/22\/victoria-ogniwo-wierzbica-1-8\/"]}]},{"@type":"ImageObject","inLanguage":"pl-PL","@id":"http:\/\/victoriazmudz.pl\/wordpress\/2022\/08\/22\/victoria-ogniwo-wierzbica-1-8\/#primaryimage","url":"http:\/\/victoriazmudz.pl\/wordpress\/wp-content\/uploads\/2022\/08\/300979398_5224583810973938_8839165959511633833_n.jpg","contentUrl":"http:\/\/victoriazmudz.pl\/wordpress\/wp-content\/uploads\/2022\/08\/300979398_5224583810973938_8839165959511633833_n.jpg","width":960,"height":720},{"@type":"BreadcrumbList","@id":"http:\/\/victoriazmudz.pl\/wordpress\/2022\/08\/22\/victoria-ogniwo-wierzbica-1-8\/#breadcrumb","itemListElement":[{"@type":"ListItem","position":1,"name":"Strona g\u0142\u00f3wna","item":"http:\/\/victoriazmudz.pl\/wordpress\/"},{"@type":"ListItem","position":2,"name":"Victoria &#8211; Ogniwo Wierzbica 1:8"}]},{"@type":"WebSite","@id":"http:\/\/victoriazmudz.pl\/wordpress\/#website","url":"http:\/\/victoriazmudz.pl\/wordpress\/","name":"Victoria \u017bmud\u017a","description":"Strona klubowa Victorii \u017bmud\u017a","publisher":{"@id":"http:\/\/victoriazmudz.pl\/wordpress\/#organization"},"potentialAction":[{"@type":"SearchAction","target":{"@type":"EntryPoint","urlTemplate":"http:\/\/victoriazmudz.pl\/wordpress\/?s={search_term_string}"},"query-input":{"@type":"PropertyValueSpecification","valueRequired":true,"valueName":"search_term_string"}}],"inLanguage":"pl-PL"},{"@type":"Organization","@id":"http:\/\/victoriazmudz.pl\/wordpress\/#organization","name":"Victoria \u017bmud\u017a","url":"http:\/\/victoriazmudz.pl\/wordpress\/","logo":{"@type":"ImageObject","inLanguage":"pl-PL","@id":"http:\/\/victoriazmudz.pl\/wordpress\/#\/schema\/logo\/image\/","url":"http:\/\/victoriazmudz.pl\/wordpress\/wp-content\/uploads\/2020\/07\/logo_mini.png","contentUrl":"http:\/\/victoriazmudz.pl\/wordpress\/wp-content\/uploads\/2020\/07\/logo_mini.png","width":139,"height":181,"caption":"Victoria \u017bmud\u017a"},"image":{"@id":"http:\/\/victoriazmudz.pl\/wordpress\/#\/schema\/logo\/image\/"},"sameAs":["https:\/\/pl-pl.facebook.com\/pages\/category\/Amateur-Sports-Team\/Ks-Victoria-\u017bmud\u017a-464132730352427\/","https:\/\/x.com\/VictoriaZmudz"]},{"@type":"Person","@id":"http:\/\/victoriazmudz.pl\/wordpress\/#\/schema\/person\/8fd5b2755f2045ef668c4124c6615ca3","name":"Pawe\u0142 Mazur","image":{"@type":"ImageObject","inLanguage":"pl-PL","@id":"https:\/\/secure.gravatar.com\/avatar\/bdffa9f55c6323321630004f0d4a47e5ecff9d524bf4f3d318f33a376b3c890e?s=96&d=mm&r=g","url":"https:\/\/secure.gravatar.com\/avatar\/bdffa9f55c6323321630004f0d4a47e5ecff9d524bf4f3d318f33a376b3c890e?s=96&d=mm&r=g","contentUrl":"https:\/\/secure.gravatar.com\/avatar\/bdffa9f55c6323321630004f0d4a47e5ecff9d524bf4f3d318f33a376b3c890e?s=96&d=mm&r=g","caption":"Pawe\u0142 Mazur"},"sameAs":["http:"],"url":"http:\/\/victoriazmudz.pl\/wordpress\/author\/pabloo99\/"}]}},"jetpack_publicize_connections":[],"jetpack_featured_media_url":"http:\/\/victoriazmudz.pl\/wordpress\/wp-content\/uploads\/2022\/08\/300979398_5224583810973938_8839165959511633833_n.jpg","jetpack_sharing_enabled":true,"_links":{"self":[{"href":"http:\/\/victoriazmudz.pl\/wordpress\/wp-json\/wp\/v2\/posts\/6657","targetHints":{"allow":["GET"]}}],"collection":[{"href":"http:\/\/victoriazmudz.pl\/wordpress\/wp-json\/wp\/v2\/posts"}],"about":[{"href":"http:\/\/victoriazmudz.pl\/wordpress\/wp-json\/wp\/v2\/types\/post"}],"author":[{"embeddable":true,"href":"http:\/\/victoriazmudz.pl\/wordpress\/wp-json\/wp\/v2\/users\/1"}],"replies":[{"embeddable":true,"href":"http:\/\/victoriazmudz.pl\/wordpress\/wp-json\/wp\/v2\/comments?post=6657"}],"version-history":[{"count":8,"href":"http:\/\/victoriazmudz.pl\/wordpress\/wp-json\/wp\/v2\/posts\/6657\/revisions"}],"predecessor-version":[{"id":7022,"href":"http:\/\/victoriazmudz.pl\/wordpress\/wp-json\/wp\/v2\/posts\/6657\/revisions\/7022"}],"wp:featuredmedia":[{"embeddable":true,"href":"http:\/\/victoriazmudz.pl\/wordpress\/wp-json\/wp\/v2\/media\/6659"}],"wp:attachment":[{"href":"http:\/\/victoriazmudz.pl\/wordpress\/wp-json\/wp\/v2\/media?parent=6657"}],"wp:term":[{"taxonomy":"category","embeddable":true,"href":"http:\/\/victoriazmudz.pl\/wordpress\/wp-json\/wp\/v2\/categories?post=6657"},{"taxonomy":"post_tag","embeddable":true,"href":"http:\/\/victoriazmudz.pl\/wordpress\/wp-json\/wp\/v2\/tags?post=6657"}],"curies":[{"name":"wp","href":"https:\/\/api.w.org\/{rel}","templated":true}]}}