{"id":6130,"date":"2022-06-06T20:01:54","date_gmt":"2022-06-06T18:01:54","guid":{"rendered":"http:\/\/victoriazmudz.pl\/wordpress\/?p=6130"},"modified":"2022-06-10T15:44:31","modified_gmt":"2022-06-10T13:44:31","slug":"victoria-plawanice-7-0","status":"publish","type":"post","link":"http:\/\/victoriazmudz.pl\/wordpress\/2022\/06\/06\/victoria-plawanice-7-0\/","title":{"rendered":"Mamy awans! Victoria &#8211; P\u0142awanice Kamie\u0144 7:0"},"content":{"rendered":"<p><strong>Victoria &#8211; P\u0142awanice Kamie\u0144 7:0 (5:0)<br \/>\n<\/strong><\/p>\n<p><strong>Bramki<\/strong>: Kamil Niedzielski 1&#8242;, Tomasz Pogorzelec 9&#8242;, 31&#8242;, Pawe\u0142 Kossowski 13&#8242;, Robert Kazubski 18&#8242;, Kacper Persona 56&#8242;, Piotr Lecki 62&#8242;.<\/p>\n<p><span class=\"event-venue sp-event-venue\">Victoria obj\u0119\u0142a prowadzenie ju\u017c kilka chwil po pierwszym gwizdku s\u0119dziego. Kamil Niedzielski strzeli\u0142 mocno w d\u0142ugi r\u00f3g bramki, pi\u0142ka odbi\u0142a si\u0119 jeszcze od s\u0142upka i wpad\u0142a do siatki. W 9 minucie na 2:0 wynik podwy\u017cszy\u0142 Tomasz Pogorzelec, kt\u00f3ry wykaza\u0142 si\u0119 du\u017cym spokojem w polu karnym rywali, min\u0105\u0142 bramkarza P\u0142awanic i bez wi\u0119kszych problem\u00f3w trafi\u0142 do bramki. Trzeciego gola zdoby\u0142 Pawe\u0142 Kossowski, kt\u00f3ry wykorzysta\u0142 \u0142adne podanie z boku boiska od Kacpra Persony. <a href=\"https:\/\/www.facebook.com\/Ks-Victoria-%C5%BBmud%C5%BA-464132730352427\/videos\/15-min-40\/1508872069529919\/\">Kolejne trafienia, kt\u00f3rych autorami byli Robert Kazubski<\/a> i <a href=\"https:\/\/www.facebook.com\/Ks-Victoria-%C5%BBmud%C5%BA-464132730352427\/videos\/31min-pogorzelec-50\/450418970148772\/\">Tomek Pogorzelec mo\u017cna obejrze\u0107 na naszym profilu Facebook<\/a>. W obu przypadkach przy bramkach asystowa\u0142 (po do\u015brodkowaniach z rzut\u00f3w wolnych) Jakub Sawa. W drugiej po\u0142owie dorobek strzelecki poprawili jeszcze Kacper Persona (po szybkiej i efektownej akcji z Grzegorzem Wierzbickim i Kamilem Niedzielskim) oraz Piotr Lecki. Tym meczem nasza dru\u017cyna zapewni\u0142a sobie zwyci\u0119stwo w rozgrywkach che\u0142mskiej A klasy i awans do ligi okr\u0119gowej. Wszystkim osobom, kt\u00f3re przyczyni\u0142y si\u0119 do tego sukcesu, nale\u017c\u0105 si\u0119 du\u017ce gratulacje! Sezon 2021\/2022 Victoria zako\u0144czy meczem z dru\u017cyn\u0105 Astry Le\u015bniowice. Spotkanie odb\u0119dzie si\u0119 na stadionie w Le\u015bniowicach w niedziel\u0119 12.06 najprawdopodobniej o godzinie 16:00.<br \/>\n<\/span><span class=\"event-venue sp-event-venue\">&nbsp;<br \/>\n<\/span><strong>Victoria:<\/strong> Maciej Romanowski (60&#8242; Seniuk) \u2013 Wierzbicki, Pogorzelec, Kazubski, Kusy, G\u0142az, Sawa (60&#8242; Cur), Persona, Kossowski, Niedzielski (70&#8242; Dawid Urba\u0144ski), Lecki (63&#8242; Wyrwa).<br \/>\ntrener: Piotr Moli\u0144ski<\/p>\n<p><strong>P\u0142awanice:<\/strong> Niemirowski \u2013 Soroka, Krakiewicz, Dudzic, Kawalec, Dudko, Stoja\u0144ski, Gajewski, K. Wasyluk, M.Wasyluk, Fijo\u0142.<br \/>\ntrener: Robert Hawryluk<\/p>\n<p><strong>\u017b\u00f3\u0142te kartki: <\/strong>Sawa, G\u0142az &#8211; Wasyluk.<\/p>\n<p><strong>S\u0119dziowali: <\/strong>Adam Kury\u015b oraz asystenci:<span id=\"referees\"> Artur Przechocki i Krystian Marciniak<\/span>.<br \/>\n&nbsp;<br \/>\n<strong>Wyniki 17 kolejki:<br \/>\n<\/strong><div class=\"sportspress sp-widget-align-none\"><div class=\"sp-template sp-template-event-list\">\n\t\t<div class=\"sp-table-wrapper\">\n\t\t<table class=\"sportix-responsive-table sp-event-list sp-event-list-format-title sp-data-table sp-paginated-table sp-sortable-table sp-scrollable-table\" data-sp-rows=\"7\">\n\t\t\t<thead>\n\t\t\t\t<tr>\n\t\t\t\t\t<th class=\"data-date\">Data<\/th><th class=\"data-event\">Mecz<\/th><th class=\"data-time\">Wynik<\/th>\t\t\t\t<\/tr>\n\t\t\t<\/thead>\n\t\t\t<tbody>\n\t\t\t\t<tr class=\"sp-row sp-post alternate sp-row-no-0\" itemscope itemtype=\"http:\/\/schema.org\/SportsEvent\"><td class=\"data-date\" itemprop=\"startDate\" content=\"2022-06-05T16:00+02:00\" data-label=\"Date\"><a href=\"http:\/\/victoriazmudz.pl\/wordpress\/event\/5557\/ \"itemprop=\"url\"><date>2022-06-05 16:00:00<\/date>05\/06\/2022<\/a><\/td><td class=\"data-event\" data-label=\"Mecz\"><a href=\"http:\/\/victoriazmudz.pl\/wordpress\/event\/5557\/\"><span class=\"sportix-list-logo\"><img loading=\"lazy\" decoding=\"async\" width=\"26\" height=\"32\" src=\"http:\/\/victoriazmudz.pl\/wordpress\/wp-content\/uploads\/2021\/08\/sawena-26x32.jpg\" class=\"attachment-sportspress-fit-mini size-sportspress-fit-mini wp-post-image\" alt=\"\" \/><\/span> <span class=\"sportix-list-logo\"><img loading=\"lazy\" decoding=\"async\" width=\"26\" height=\"32\" src=\"http:\/\/victoriazmudz.pl\/wordpress\/wp-content\/uploads\/2021\/08\/gks-26x32.jpg\" class=\"attachment-sportspress-fit-mini size-sportspress-fit-mini wp-post-image\" alt=\"\" \/><\/span> Sawena Sawin - GKS \u0141OPIENNIK<\/a><\/td><td class=\"data-time \" data-label=\"Godzina\/Wynik\"><a href=\"http:\/\/victoriazmudz.pl\/wordpress\/event\/5557\/\" itemprop=\"url\">2 - 4<\/a><\/td><\/tr><tr class=\"sp-row sp-post sp-row-no-1\" itemscope itemtype=\"http:\/\/schema.org\/SportsEvent\"><td class=\"data-date\" itemprop=\"startDate\" content=\"2022-06-05T16:00+02:00\" data-label=\"Date\"><a href=\"http:\/\/victoriazmudz.pl\/wordpress\/event\/5558\/ \"itemprop=\"url\"><date>2022-06-05 16:00:00<\/date>05\/06\/2022<\/a><\/td><td class=\"data-event\" data-label=\"Mecz\"><a href=\"http:\/\/victoriazmudz.pl\/wordpress\/event\/5558\/\"><span class=\"sportix-list-logo\"><img loading=\"lazy\" decoding=\"async\" width=\"24\" height=\"32\" src=\"http:\/\/victoriazmudz.pl\/wordpress\/wp-content\/uploads\/2021\/08\/vojslawia-24x32.png\" class=\"attachment-sportspress-fit-mini size-sportspress-fit-mini wp-post-image\" alt=\"\" \/><\/span> <span class=\"sportix-list-logo\"><img loading=\"lazy\" decoding=\"async\" width=\"32\" height=\"32\" src=\"http:\/\/victoriazmudz.pl\/wordpress\/wp-content\/uploads\/2021\/08\/astra-32x32.jpg\" class=\"attachment-sportspress-fit-mini size-sportspress-fit-mini wp-post-image\" alt=\"\" \/><\/span> Vojs\u0142awia Wojs\u0142awice - Astra Le\u015bniowice<\/a><\/td><td class=\"data-time \" data-label=\"Godzina\/Wynik\"><a href=\"http:\/\/victoriazmudz.pl\/wordpress\/event\/5558\/\" itemprop=\"url\">1 - 2<\/a><\/td><\/tr><tr class=\"sp-row sp-post alternate sp-row-no-2\" itemscope itemtype=\"http:\/\/schema.org\/SportsEvent\"><td class=\"data-date\" itemprop=\"startDate\" content=\"2022-06-05T16:00+02:00\" data-label=\"Date\"><a href=\"http:\/\/victoriazmudz.pl\/wordpress\/event\/5559\/ \"itemprop=\"url\"><date>2022-06-05 16:00:00<\/date>05\/06\/2022<\/a><\/td><td class=\"data-event\" data-label=\"Mecz\"><a href=\"http:\/\/victoriazmudz.pl\/wordpress\/event\/5559\/\"><span class=\"sportix-list-logo\"><img loading=\"lazy\" decoding=\"async\" width=\"32\" height=\"32\" src=\"http:\/\/victoriazmudz.pl\/wordpress\/wp-content\/uploads\/2020\/07\/Victoria_Zmudz-32x32.jpg\" class=\"attachment-sportspress-fit-mini size-sportspress-fit-mini wp-post-image\" alt=\"\" \/><\/span> <span class=\"sportix-list-logo\"><img loading=\"lazy\" decoding=\"async\" width=\"28\" height=\"32\" src=\"http:\/\/victoriazmudz.pl\/wordpress\/wp-content\/uploads\/2021\/08\/herb-rywala-plawanice_21-28x32.jpg\" class=\"attachment-sportspress-fit-mini size-sportspress-fit-mini wp-post-image\" alt=\"\" \/><\/span> Victoria \u017bmud\u017a - P\u0142awanice Kamie\u0144<\/a><\/td><td class=\"data-time ok\" data-label=\"Godzina\/Wynik\"><a href=\"http:\/\/victoriazmudz.pl\/wordpress\/event\/5559\/\" itemprop=\"url\">7 - 0<\/a><\/td><\/tr><tr class=\"sp-row sp-post sp-row-no-3\" itemscope itemtype=\"http:\/\/schema.org\/SportsEvent\"><td class=\"data-date\" itemprop=\"startDate\" content=\"2022-06-05T16:00+02:00\" data-label=\"Date\"><a href=\"http:\/\/victoriazmudz.pl\/wordpress\/event\/5560\/ \"itemprop=\"url\"><date>2022-06-05 16:00:00<\/date>05\/06\/2022<\/a><\/td><td class=\"data-event\" data-label=\"Mecz\"><a href=\"http:\/\/victoriazmudz.pl\/wordpress\/event\/5560\/\"><span class=\"sportix-list-logo\"><img loading=\"lazy\" decoding=\"async\" width=\"32\" height=\"32\" src=\"http:\/\/victoriazmudz.pl\/wordpress\/wp-content\/uploads\/2021\/08\/vitrum-32x32.jpg\" class=\"attachment-sportspress-fit-mini size-sportspress-fit-mini wp-post-image\" alt=\"\" \/><\/span> <span class=\"sportix-list-logo\"><img loading=\"lazy\" decoding=\"async\" width=\"32\" height=\"32\" src=\"http:\/\/victoriazmudz.pl\/wordpress\/wp-content\/uploads\/2021\/08\/hutnik_ruda-1-32x32.jpg\" class=\"attachment-sportspress-fit-mini size-sportspress-fit-mini wp-post-image\" alt=\"\" \/><\/span> Vitrum Wola Uhruska - Hutnik Ruda-Huta<\/a><\/td><td class=\"data-time \" data-label=\"Godzina\/Wynik\"><a href=\"http:\/\/victoriazmudz.pl\/wordpress\/event\/5560\/\" itemprop=\"url\">0 - 3<\/a><\/td><\/tr><tr class=\"sp-row sp-post alternate sp-row-no-4\" itemscope itemtype=\"http:\/\/schema.org\/SportsEvent\"><td class=\"data-date\" itemprop=\"startDate\" content=\"2022-06-05T16:00+02:00\" data-label=\"Date\"><a href=\"http:\/\/victoriazmudz.pl\/wordpress\/event\/5561\/ \"itemprop=\"url\"><date>2022-06-05 16:00:00<\/date>05\/06\/2022<\/a><\/td><td class=\"data-event\" data-label=\"Mecz\"><a href=\"http:\/\/victoriazmudz.pl\/wordpress\/event\/5561\/\"><span class=\"sportix-list-logo\"><img loading=\"lazy\" decoding=\"async\" width=\"32\" height=\"32\" src=\"http:\/\/victoriazmudz.pl\/wordpress\/wp-content\/uploads\/2021\/08\/zryw-32x32.png\" class=\"attachment-sportspress-fit-mini size-sportspress-fit-mini wp-post-image\" alt=\"\" \/><\/span> <span class=\"sportix-list-logo\"><img loading=\"lazy\" decoding=\"async\" width=\"32\" height=\"32\" src=\"http:\/\/victoriazmudz.pl\/wordpress\/wp-content\/uploads\/2021\/08\/mks-32x32.jpg\" class=\"attachment-sportspress-fit-mini size-sportspress-fit-mini wp-post-image\" alt=\"\" \/><\/span> Zryw Gorzk\u00f3w - MKS  SIEDLISKA<\/a><\/td><td class=\"data-time \" data-label=\"Godzina\/Wynik\"><a href=\"http:\/\/victoriazmudz.pl\/wordpress\/event\/5561\/\" itemprop=\"url\">2 - 5<\/a><\/td><\/tr>\t\t\t<\/tbody>\n\t\t<\/table>\n\t<\/div>\n\t<\/div><\/div><br \/>\n&nbsp;<br \/>\n<strong>Terminarz 18 kolejki:<br \/>\n<\/strong><div class=\"sportspress sp-widget-align-none\"><div class=\"sp-template sp-template-event-list\">\n\t\t<div class=\"sp-table-wrapper\">\n\t\t<table class=\"sportix-responsive-table sp-event-list sp-event-list-format-title sp-data-table sp-paginated-table sp-sortable-table sp-scrollable-table\" data-sp-rows=\"7\">\n\t\t\t<thead>\n\t\t\t\t<tr>\n\t\t\t\t\t<th class=\"data-date\">Data<\/th><th class=\"data-event\">Mecz<\/th><th class=\"data-time\">Wynik<\/th>\t\t\t\t<\/tr>\n\t\t\t<\/thead>\n\t\t\t<tbody>\n\t\t\t\t<tr class=\"sp-row sp-post alternate sp-row-no-0\" itemscope itemtype=\"http:\/\/schema.org\/SportsEvent\"><td class=\"data-date\" itemprop=\"startDate\" content=\"2022-06-12T13:00+02:00\" data-label=\"Date\"><a href=\"http:\/\/victoriazmudz.pl\/wordpress\/event\/5564\/ \"itemprop=\"url\"><date>2022-06-12 13:00:00<\/date>12\/06\/2022<\/a><\/td><td class=\"data-event\" data-label=\"Mecz\"><a href=\"http:\/\/victoriazmudz.pl\/wordpress\/event\/5564\/\"><span class=\"sportix-list-logo\"><img loading=\"lazy\" decoding=\"async\" width=\"32\" height=\"32\" src=\"http:\/\/victoriazmudz.pl\/wordpress\/wp-content\/uploads\/2021\/08\/hutnik_ruda-1-32x32.jpg\" class=\"attachment-sportspress-fit-mini size-sportspress-fit-mini wp-post-image\" alt=\"\" \/><\/span> <span class=\"sportix-list-logo\"><img loading=\"lazy\" decoding=\"async\" width=\"26\" height=\"32\" src=\"http:\/\/victoriazmudz.pl\/wordpress\/wp-content\/uploads\/2021\/08\/sawena-26x32.jpg\" class=\"attachment-sportspress-fit-mini size-sportspress-fit-mini wp-post-image\" alt=\"\" \/><\/span> Hutnik Ruda-Huta - Sawena Sawin<\/a><\/td><td class=\"data-time \" data-label=\"Godzina\/Wynik\"><a href=\"http:\/\/victoriazmudz.pl\/wordpress\/event\/5564\/\" itemprop=\"url\">2 - 1<\/a><\/td><\/tr><tr class=\"sp-row sp-post sp-row-no-1\" itemscope itemtype=\"http:\/\/schema.org\/SportsEvent\"><td class=\"data-date\" itemprop=\"startDate\" content=\"2022-06-12T16:00+02:00\" data-label=\"Date\"><a href=\"http:\/\/victoriazmudz.pl\/wordpress\/event\/5562\/ \"itemprop=\"url\"><date>2022-06-12 16:00:00<\/date>12\/06\/2022<\/a><\/td><td class=\"data-event\" data-label=\"Mecz\"><a href=\"http:\/\/victoriazmudz.pl\/wordpress\/event\/5562\/\"><span class=\"sportix-list-logo\"><img loading=\"lazy\" decoding=\"async\" width=\"32\" height=\"32\" src=\"http:\/\/victoriazmudz.pl\/wordpress\/wp-content\/uploads\/2021\/08\/mks-32x32.jpg\" class=\"attachment-sportspress-fit-mini size-sportspress-fit-mini wp-post-image\" alt=\"\" \/><\/span> <span class=\"sportix-list-logo\"><img loading=\"lazy\" decoding=\"async\" width=\"24\" height=\"32\" src=\"http:\/\/victoriazmudz.pl\/wordpress\/wp-content\/uploads\/2021\/08\/vojslawia-24x32.png\" class=\"attachment-sportspress-fit-mini size-sportspress-fit-mini wp-post-image\" alt=\"\" \/><\/span> MKS  SIEDLISKA - Vojs\u0142awia Wojs\u0142awice<\/a><\/td><td class=\"data-time \" data-label=\"Godzina\/Wynik\"><a href=\"http:\/\/victoriazmudz.pl\/wordpress\/event\/5562\/\" itemprop=\"url\">4 - 9<\/a><\/td><\/tr><tr class=\"sp-row sp-post alternate sp-row-no-2\" itemscope itemtype=\"http:\/\/schema.org\/SportsEvent\"><td class=\"data-date\" itemprop=\"startDate\" content=\"2022-06-12T16:00+02:00\" data-label=\"Date\"><a href=\"http:\/\/victoriazmudz.pl\/wordpress\/event\/5563\/ \"itemprop=\"url\"><date>2022-06-12 16:00:00<\/date>12\/06\/2022<\/a><\/td><td class=\"data-event\" data-label=\"Mecz\"><a href=\"http:\/\/victoriazmudz.pl\/wordpress\/event\/5563\/\"><span class=\"sportix-list-logo\"><img loading=\"lazy\" decoding=\"async\" width=\"28\" height=\"32\" src=\"http:\/\/victoriazmudz.pl\/wordpress\/wp-content\/uploads\/2021\/08\/herb-rywala-plawanice_21-28x32.jpg\" class=\"attachment-sportspress-fit-mini size-sportspress-fit-mini wp-post-image\" alt=\"\" \/><\/span> <span class=\"sportix-list-logo\"><img loading=\"lazy\" decoding=\"async\" width=\"32\" height=\"32\" src=\"http:\/\/victoriazmudz.pl\/wordpress\/wp-content\/uploads\/2021\/08\/vitrum-32x32.jpg\" class=\"attachment-sportspress-fit-mini size-sportspress-fit-mini wp-post-image\" alt=\"\" \/><\/span> P\u0142awanice Kamie\u0144 - Vitrum Wola Uhruska<\/a><\/td><td class=\"data-time \" data-label=\"Godzina\/Wynik\"><a href=\"http:\/\/victoriazmudz.pl\/wordpress\/event\/5563\/\" itemprop=\"url\">4 - 3<\/a><\/td><\/tr><tr class=\"sp-row sp-post sp-row-no-3\" itemscope itemtype=\"http:\/\/schema.org\/SportsEvent\"><td class=\"data-date\" itemprop=\"startDate\" content=\"2022-06-12T16:00+02:00\" data-label=\"Date\"><a href=\"http:\/\/victoriazmudz.pl\/wordpress\/event\/5565\/ \"itemprop=\"url\"><date>2022-06-12 16:00:00<\/date>12\/06\/2022<\/a><\/td><td class=\"data-event\" data-label=\"Mecz\"><a href=\"http:\/\/victoriazmudz.pl\/wordpress\/event\/5565\/\"><span class=\"sportix-list-logo\"><img loading=\"lazy\" decoding=\"async\" width=\"26\" height=\"32\" src=\"http:\/\/victoriazmudz.pl\/wordpress\/wp-content\/uploads\/2021\/08\/gks-26x32.jpg\" class=\"attachment-sportspress-fit-mini size-sportspress-fit-mini wp-post-image\" alt=\"\" \/><\/span> <span class=\"sportix-list-logo\"><img loading=\"lazy\" decoding=\"async\" width=\"32\" height=\"32\" src=\"http:\/\/victoriazmudz.pl\/wordpress\/wp-content\/uploads\/2021\/08\/zryw-32x32.png\" class=\"attachment-sportspress-fit-mini size-sportspress-fit-mini wp-post-image\" alt=\"\" \/><\/span> GKS \u0141OPIENNIK - Zryw Gorzk\u00f3w<\/a><\/td><td class=\"data-time \" data-label=\"Godzina\/Wynik\"><a href=\"http:\/\/victoriazmudz.pl\/wordpress\/event\/5565\/\" itemprop=\"url\">3 - 0<\/a><\/td><\/tr><tr class=\"sp-row sp-post alternate sp-row-no-4\" itemscope itemtype=\"http:\/\/schema.org\/SportsEvent\"><td class=\"data-date\" itemprop=\"startDate\" content=\"2022-06-12T16:00+02:00\" data-label=\"Date\"><a href=\"http:\/\/victoriazmudz.pl\/wordpress\/event\/5566\/ \"itemprop=\"url\"><date>2022-06-12 16:00:00<\/date>12\/06\/2022<\/a><\/td><td class=\"data-event\" data-label=\"Mecz\"><a href=\"http:\/\/victoriazmudz.pl\/wordpress\/event\/5566\/\"><span class=\"sportix-list-logo\"><img loading=\"lazy\" decoding=\"async\" width=\"32\" height=\"32\" src=\"http:\/\/victoriazmudz.pl\/wordpress\/wp-content\/uploads\/2021\/08\/astra-32x32.jpg\" class=\"attachment-sportspress-fit-mini size-sportspress-fit-mini wp-post-image\" alt=\"\" \/><\/span> <span class=\"sportix-list-logo\"><img loading=\"lazy\" decoding=\"async\" width=\"32\" height=\"32\" src=\"http:\/\/victoriazmudz.pl\/wordpress\/wp-content\/uploads\/2020\/07\/Victoria_Zmudz-32x32.jpg\" class=\"attachment-sportspress-fit-mini size-sportspress-fit-mini wp-post-image\" alt=\"\" \/><\/span> Astra Le\u015bniowice - Victoria \u017bmud\u017a<\/a><\/td><td class=\"data-time ok\" data-label=\"Godzina\/Wynik\"><a href=\"http:\/\/victoriazmudz.pl\/wordpress\/event\/5566\/\" itemprop=\"url\">2 - 12<\/a><\/td><\/tr>\t\t\t<\/tbody>\n\t\t<\/table>\n\t<\/div>\n\t<\/div><\/div><br \/>\n&nbsp;&nbsp;<\/p>\n<p>ngg_shortcode_0_placeholder&nbsp;Autor zdj\u0119\u0107: Pawe\u0142 Gorczycki<br \/>\n&nbsp;<br \/>\n<a href=\"http:\/\/victoriazmudz.pl\/wordpress\/live\/\">Wyniki na \u017cywo<\/a><br \/>\n<a href=\"http:\/\/victoriazmudz.pl\/wordpress\/wyniki-i-terminarz\/\">Wyniki i terminarz<\/a><br \/>\n<a href=\"http:\/\/victoriazmudz.pl\/wordpress\/rozgrywki\/tabela-ligowa\/\">Aktualna tabela ligowa<\/a><\/p>\n","protected":false},"excerpt":{"rendered":"<p>Victoria &#8211; P\u0142awanice Kamie\u0144 7:0 (5:0) Bramki: Kamil Niedzielski 1&#8242;, Tomasz Pogorzelec 9&#8242;, 31&#8242;, Pawe\u0142 Kossowski 13&#8242;, Robert Kazubski 18&#8242;, Kacper Persona 56&#8242;, Piotr Lecki 62&#8242;. Victoria obj\u0119\u0142a prowadzenie ju\u017c kilka chwil po pierwszym gwizdku s\u0119dziego. Kamil Niedzielski strzeli\u0142 mocno w d\u0142ugi r\u00f3g bramki, pi\u0142ka odbi\u0142a si\u0119 jeszcze od s\u0142upka i wpad\u0142a do siatki. W&#8230;<\/p>\n","protected":false},"author":1,"featured_media":6134,"comment_status":"open","ping_status":"open","sticky":false,"template":"","format":"standard","meta":{"ngg_post_thumbnail":0,"_jetpack_memberships_contains_paid_content":false,"footnotes":"","jetpack_publicize_message":"","jetpack_publicize_feature_enabled":true,"jetpack_social_post_already_shared":true,"jetpack_social_options":{"image_generator_settings":{"template":"highway","default_image_id":0,"font":"","enabled":false},"version":2}},"categories":[196,197],"tags":[198,209,115],"class_list":["post-6130","post","type-post","status-publish","format-standard","has-post-thumbnail","hentry","category-a-klasa","category-sezon-2021-2022","tag-a-klasa","tag-plawanice-kamien","tag-victoria-zmudz"],"yoast_head":"<!-- This site is optimized with the Yoast SEO plugin v27.3 - https:\/\/yoast.com\/product\/yoast-seo-wordpress\/ -->\n<title>Mamy awans! Victoria - P\u0142awanice Kamie\u0144 7:0 - Victoria \u017bmud\u017a<\/title>\n<meta name=\"robots\" content=\"index, follow, max-snippet:-1, max-image-preview:large, max-video-preview:-1\" \/>\n<link rel=\"canonical\" href=\"http:\/\/victoriazmudz.pl\/wordpress\/2022\/06\/06\/victoria-plawanice-7-0\/\" \/>\n<meta property=\"og:locale\" content=\"pl_PL\" \/>\n<meta property=\"og:type\" content=\"article\" \/>\n<meta property=\"og:title\" content=\"Mamy awans! Victoria - P\u0142awanice Kamie\u0144 7:0 - Victoria \u017bmud\u017a\" \/>\n<meta property=\"og:description\" content=\"Victoria &#8211; P\u0142awanice Kamie\u0144 7:0 (5:0) Bramki: Kamil Niedzielski 1&#8242;, Tomasz Pogorzelec 9&#8242;, 31&#8242;, Pawe\u0142 Kossowski 13&#8242;, Robert Kazubski 18&#8242;, Kacper Persona 56&#8242;, Piotr Lecki 62&#8242;. Victoria obj\u0119\u0142a prowadzenie ju\u017c kilka chwil po pierwszym gwizdku s\u0119dziego. Kamil Niedzielski strzeli\u0142 mocno w d\u0142ugi r\u00f3g bramki, pi\u0142ka odbi\u0142a si\u0119 jeszcze od s\u0142upka i wpad\u0142a do siatki. W...\" \/>\n<meta property=\"og:url\" content=\"http:\/\/victoriazmudz.pl\/wordpress\/2022\/06\/06\/victoria-plawanice-7-0\/\" \/>\n<meta property=\"og:site_name\" content=\"Victoria \u017bmud\u017a\" \/>\n<meta property=\"article:publisher\" content=\"https:\/\/pl-pl.facebook.com\/pages\/category\/Amateur-Sports-Team\/Ks-Victoria-%c5%bbmud%c5%ba-464132730352427\/\" \/>\n<meta property=\"article:published_time\" content=\"2022-06-06T18:01:54+00:00\" \/>\n<meta property=\"article:modified_time\" content=\"2022-06-10T13:44:31+00:00\" \/>\n<meta property=\"og:image\" content=\"http:\/\/victoriazmudz.pl\/wordpress\/wp-content\/uploads\/2022\/06\/286029657_5015234818575506_8141950370533286162_n.jpg\" \/>\n\t<meta property=\"og:image:width\" content=\"2048\" \/>\n\t<meta property=\"og:image:height\" content=\"1536\" \/>\n\t<meta property=\"og:image:type\" content=\"image\/jpeg\" \/>\n<meta name=\"author\" content=\"Pawe\u0142 Mazur\" \/>\n<meta name=\"twitter:card\" content=\"summary_large_image\" \/>\n<meta name=\"twitter:creator\" content=\"@VictoriaZmudz\" \/>\n<meta name=\"twitter:site\" content=\"@VictoriaZmudz\" \/>\n<meta name=\"twitter:label1\" content=\"Napisane przez\" \/>\n\t<meta name=\"twitter:data1\" content=\"Pawe\u0142 Mazur\" \/>\n\t<meta name=\"twitter:label2\" content=\"Szacowany czas czytania\" \/>\n\t<meta name=\"twitter:data2\" content=\"2 minuty\" \/>\n<script type=\"application\/ld+json\" class=\"yoast-schema-graph\">{\"@context\":\"https:\\\/\\\/schema.org\",\"@graph\":[{\"@type\":\"Article\",\"@id\":\"http:\\\/\\\/victoriazmudz.pl\\\/wordpress\\\/2022\\\/06\\\/06\\\/victoria-plawanice-7-0\\\/#article\",\"isPartOf\":{\"@id\":\"http:\\\/\\\/victoriazmudz.pl\\\/wordpress\\\/2022\\\/06\\\/06\\\/victoria-plawanice-7-0\\\/\"},\"author\":{\"name\":\"Pawe\u0142 Mazur\",\"@id\":\"http:\\\/\\\/victoriazmudz.pl\\\/wordpress\\\/#\\\/schema\\\/person\\\/8fd5b2755f2045ef668c4124c6615ca3\"},\"headline\":\"Mamy awans! Victoria &#8211; P\u0142awanice Kamie\u0144 7:0\",\"datePublished\":\"2022-06-06T18:01:54+00:00\",\"dateModified\":\"2022-06-10T13:44:31+00:00\",\"mainEntityOfPage\":{\"@id\":\"http:\\\/\\\/victoriazmudz.pl\\\/wordpress\\\/2022\\\/06\\\/06\\\/victoria-plawanice-7-0\\\/\"},\"wordCount\":404,\"commentCount\":0,\"publisher\":{\"@id\":\"http:\\\/\\\/victoriazmudz.pl\\\/wordpress\\\/#organization\"},\"image\":{\"@id\":\"http:\\\/\\\/victoriazmudz.pl\\\/wordpress\\\/2022\\\/06\\\/06\\\/victoria-plawanice-7-0\\\/#primaryimage\"},\"thumbnailUrl\":\"http:\\\/\\\/victoriazmudz.pl\\\/wordpress\\\/wp-content\\\/uploads\\\/2022\\\/06\\\/286029657_5015234818575506_8141950370533286162_n.jpg\",\"keywords\":[\"A klasa\",\"P\u0142awanice Kamie\u0144\",\"Victoria \u017bmud\u017a\"],\"articleSection\":[\"A klasa\",\"sezon 2021\\\/2022\"],\"inLanguage\":\"pl-PL\",\"potentialAction\":[{\"@type\":\"CommentAction\",\"name\":\"Comment\",\"target\":[\"http:\\\/\\\/victoriazmudz.pl\\\/wordpress\\\/2022\\\/06\\\/06\\\/victoria-plawanice-7-0\\\/#respond\"]}]},{\"@type\":\"WebPage\",\"@id\":\"http:\\\/\\\/victoriazmudz.pl\\\/wordpress\\\/2022\\\/06\\\/06\\\/victoria-plawanice-7-0\\\/\",\"url\":\"http:\\\/\\\/victoriazmudz.pl\\\/wordpress\\\/2022\\\/06\\\/06\\\/victoria-plawanice-7-0\\\/\",\"name\":\"Mamy awans! Victoria - P\u0142awanice Kamie\u0144 7:0 - Victoria \u017bmud\u017a\",\"isPartOf\":{\"@id\":\"http:\\\/\\\/victoriazmudz.pl\\\/wordpress\\\/#website\"},\"primaryImageOfPage\":{\"@id\":\"http:\\\/\\\/victoriazmudz.pl\\\/wordpress\\\/2022\\\/06\\\/06\\\/victoria-plawanice-7-0\\\/#primaryimage\"},\"image\":{\"@id\":\"http:\\\/\\\/victoriazmudz.pl\\\/wordpress\\\/2022\\\/06\\\/06\\\/victoria-plawanice-7-0\\\/#primaryimage\"},\"thumbnailUrl\":\"http:\\\/\\\/victoriazmudz.pl\\\/wordpress\\\/wp-content\\\/uploads\\\/2022\\\/06\\\/286029657_5015234818575506_8141950370533286162_n.jpg\",\"datePublished\":\"2022-06-06T18:01:54+00:00\",\"dateModified\":\"2022-06-10T13:44:31+00:00\",\"breadcrumb\":{\"@id\":\"http:\\\/\\\/victoriazmudz.pl\\\/wordpress\\\/2022\\\/06\\\/06\\\/victoria-plawanice-7-0\\\/#breadcrumb\"},\"inLanguage\":\"pl-PL\",\"potentialAction\":[{\"@type\":\"ReadAction\",\"target\":[\"http:\\\/\\\/victoriazmudz.pl\\\/wordpress\\\/2022\\\/06\\\/06\\\/victoria-plawanice-7-0\\\/\"]}]},{\"@type\":\"ImageObject\",\"inLanguage\":\"pl-PL\",\"@id\":\"http:\\\/\\\/victoriazmudz.pl\\\/wordpress\\\/2022\\\/06\\\/06\\\/victoria-plawanice-7-0\\\/#primaryimage\",\"url\":\"http:\\\/\\\/victoriazmudz.pl\\\/wordpress\\\/wp-content\\\/uploads\\\/2022\\\/06\\\/286029657_5015234818575506_8141950370533286162_n.jpg\",\"contentUrl\":\"http:\\\/\\\/victoriazmudz.pl\\\/wordpress\\\/wp-content\\\/uploads\\\/2022\\\/06\\\/286029657_5015234818575506_8141950370533286162_n.jpg\",\"width\":2048,\"height\":1536},{\"@type\":\"BreadcrumbList\",\"@id\":\"http:\\\/\\\/victoriazmudz.pl\\\/wordpress\\\/2022\\\/06\\\/06\\\/victoria-plawanice-7-0\\\/#breadcrumb\",\"itemListElement\":[{\"@type\":\"ListItem\",\"position\":1,\"name\":\"Strona g\u0142\u00f3wna\",\"item\":\"http:\\\/\\\/victoriazmudz.pl\\\/wordpress\\\/\"},{\"@type\":\"ListItem\",\"position\":2,\"name\":\"Mamy awans! Victoria &#8211; P\u0142awanice Kamie\u0144 7:0\"}]},{\"@type\":\"WebSite\",\"@id\":\"http:\\\/\\\/victoriazmudz.pl\\\/wordpress\\\/#website\",\"url\":\"http:\\\/\\\/victoriazmudz.pl\\\/wordpress\\\/\",\"name\":\"Victoria \u017bmud\u017a\",\"description\":\"Strona klubowa Victorii \u017bmud\u017a\",\"publisher\":{\"@id\":\"http:\\\/\\\/victoriazmudz.pl\\\/wordpress\\\/#organization\"},\"potentialAction\":[{\"@type\":\"SearchAction\",\"target\":{\"@type\":\"EntryPoint\",\"urlTemplate\":\"http:\\\/\\\/victoriazmudz.pl\\\/wordpress\\\/?s={search_term_string}\"},\"query-input\":{\"@type\":\"PropertyValueSpecification\",\"valueRequired\":true,\"valueName\":\"search_term_string\"}}],\"inLanguage\":\"pl-PL\"},{\"@type\":\"Organization\",\"@id\":\"http:\\\/\\\/victoriazmudz.pl\\\/wordpress\\\/#organization\",\"name\":\"Victoria \u017bmud\u017a\",\"url\":\"http:\\\/\\\/victoriazmudz.pl\\\/wordpress\\\/\",\"logo\":{\"@type\":\"ImageObject\",\"inLanguage\":\"pl-PL\",\"@id\":\"http:\\\/\\\/victoriazmudz.pl\\\/wordpress\\\/#\\\/schema\\\/logo\\\/image\\\/\",\"url\":\"http:\\\/\\\/victoriazmudz.pl\\\/wordpress\\\/wp-content\\\/uploads\\\/2020\\\/07\\\/logo_mini.png\",\"contentUrl\":\"http:\\\/\\\/victoriazmudz.pl\\\/wordpress\\\/wp-content\\\/uploads\\\/2020\\\/07\\\/logo_mini.png\",\"width\":139,\"height\":181,\"caption\":\"Victoria \u017bmud\u017a\"},\"image\":{\"@id\":\"http:\\\/\\\/victoriazmudz.pl\\\/wordpress\\\/#\\\/schema\\\/logo\\\/image\\\/\"},\"sameAs\":[\"https:\\\/\\\/pl-pl.facebook.com\\\/pages\\\/category\\\/Amateur-Sports-Team\\\/Ks-Victoria-\u017bmud\u017a-464132730352427\\\/\",\"https:\\\/\\\/x.com\\\/VictoriaZmudz\"]},{\"@type\":\"Person\",\"@id\":\"http:\\\/\\\/victoriazmudz.pl\\\/wordpress\\\/#\\\/schema\\\/person\\\/8fd5b2755f2045ef668c4124c6615ca3\",\"name\":\"Pawe\u0142 Mazur\",\"image\":{\"@type\":\"ImageObject\",\"inLanguage\":\"pl-PL\",\"@id\":\"https:\\\/\\\/secure.gravatar.com\\\/avatar\\\/bdffa9f55c6323321630004f0d4a47e5ecff9d524bf4f3d318f33a376b3c890e?s=96&d=mm&r=g\",\"url\":\"https:\\\/\\\/secure.gravatar.com\\\/avatar\\\/bdffa9f55c6323321630004f0d4a47e5ecff9d524bf4f3d318f33a376b3c890e?s=96&d=mm&r=g\",\"contentUrl\":\"https:\\\/\\\/secure.gravatar.com\\\/avatar\\\/bdffa9f55c6323321630004f0d4a47e5ecff9d524bf4f3d318f33a376b3c890e?s=96&d=mm&r=g\",\"caption\":\"Pawe\u0142 Mazur\"},\"sameAs\":[\"http:\"],\"url\":\"http:\\\/\\\/victoriazmudz.pl\\\/wordpress\\\/author\\\/pabloo99\\\/\"}]}<\/script>\n<!-- \/ Yoast SEO plugin. -->","yoast_head_json":{"title":"Mamy awans! Victoria - P\u0142awanice Kamie\u0144 7:0 - Victoria \u017bmud\u017a","robots":{"index":"index","follow":"follow","max-snippet":"max-snippet:-1","max-image-preview":"max-image-preview:large","max-video-preview":"max-video-preview:-1"},"canonical":"http:\/\/victoriazmudz.pl\/wordpress\/2022\/06\/06\/victoria-plawanice-7-0\/","og_locale":"pl_PL","og_type":"article","og_title":"Mamy awans! Victoria - P\u0142awanice Kamie\u0144 7:0 - Victoria \u017bmud\u017a","og_description":"Victoria &#8211; P\u0142awanice Kamie\u0144 7:0 (5:0) Bramki: Kamil Niedzielski 1&#8242;, Tomasz Pogorzelec 9&#8242;, 31&#8242;, Pawe\u0142 Kossowski 13&#8242;, Robert Kazubski 18&#8242;, Kacper Persona 56&#8242;, Piotr Lecki 62&#8242;. Victoria obj\u0119\u0142a prowadzenie ju\u017c kilka chwil po pierwszym gwizdku s\u0119dziego. Kamil Niedzielski strzeli\u0142 mocno w d\u0142ugi r\u00f3g bramki, pi\u0142ka odbi\u0142a si\u0119 jeszcze od s\u0142upka i wpad\u0142a do siatki. W...","og_url":"http:\/\/victoriazmudz.pl\/wordpress\/2022\/06\/06\/victoria-plawanice-7-0\/","og_site_name":"Victoria \u017bmud\u017a","article_publisher":"https:\/\/pl-pl.facebook.com\/pages\/category\/Amateur-Sports-Team\/Ks-Victoria-%c5%bbmud%c5%ba-464132730352427\/","article_published_time":"2022-06-06T18:01:54+00:00","article_modified_time":"2022-06-10T13:44:31+00:00","og_image":[{"width":2048,"height":1536,"url":"http:\/\/victoriazmudz.pl\/wordpress\/wp-content\/uploads\/2022\/06\/286029657_5015234818575506_8141950370533286162_n.jpg","type":"image\/jpeg"}],"author":"Pawe\u0142 Mazur","twitter_card":"summary_large_image","twitter_creator":"@VictoriaZmudz","twitter_site":"@VictoriaZmudz","twitter_misc":{"Napisane przez":"Pawe\u0142 Mazur","Szacowany czas czytania":"2 minuty"},"schema":{"@context":"https:\/\/schema.org","@graph":[{"@type":"Article","@id":"http:\/\/victoriazmudz.pl\/wordpress\/2022\/06\/06\/victoria-plawanice-7-0\/#article","isPartOf":{"@id":"http:\/\/victoriazmudz.pl\/wordpress\/2022\/06\/06\/victoria-plawanice-7-0\/"},"author":{"name":"Pawe\u0142 Mazur","@id":"http:\/\/victoriazmudz.pl\/wordpress\/#\/schema\/person\/8fd5b2755f2045ef668c4124c6615ca3"},"headline":"Mamy awans! Victoria &#8211; P\u0142awanice Kamie\u0144 7:0","datePublished":"2022-06-06T18:01:54+00:00","dateModified":"2022-06-10T13:44:31+00:00","mainEntityOfPage":{"@id":"http:\/\/victoriazmudz.pl\/wordpress\/2022\/06\/06\/victoria-plawanice-7-0\/"},"wordCount":404,"commentCount":0,"publisher":{"@id":"http:\/\/victoriazmudz.pl\/wordpress\/#organization"},"image":{"@id":"http:\/\/victoriazmudz.pl\/wordpress\/2022\/06\/06\/victoria-plawanice-7-0\/#primaryimage"},"thumbnailUrl":"http:\/\/victoriazmudz.pl\/wordpress\/wp-content\/uploads\/2022\/06\/286029657_5015234818575506_8141950370533286162_n.jpg","keywords":["A klasa","P\u0142awanice Kamie\u0144","Victoria \u017bmud\u017a"],"articleSection":["A klasa","sezon 2021\/2022"],"inLanguage":"pl-PL","potentialAction":[{"@type":"CommentAction","name":"Comment","target":["http:\/\/victoriazmudz.pl\/wordpress\/2022\/06\/06\/victoria-plawanice-7-0\/#respond"]}]},{"@type":"WebPage","@id":"http:\/\/victoriazmudz.pl\/wordpress\/2022\/06\/06\/victoria-plawanice-7-0\/","url":"http:\/\/victoriazmudz.pl\/wordpress\/2022\/06\/06\/victoria-plawanice-7-0\/","name":"Mamy awans! Victoria - P\u0142awanice Kamie\u0144 7:0 - Victoria \u017bmud\u017a","isPartOf":{"@id":"http:\/\/victoriazmudz.pl\/wordpress\/#website"},"primaryImageOfPage":{"@id":"http:\/\/victoriazmudz.pl\/wordpress\/2022\/06\/06\/victoria-plawanice-7-0\/#primaryimage"},"image":{"@id":"http:\/\/victoriazmudz.pl\/wordpress\/2022\/06\/06\/victoria-plawanice-7-0\/#primaryimage"},"thumbnailUrl":"http:\/\/victoriazmudz.pl\/wordpress\/wp-content\/uploads\/2022\/06\/286029657_5015234818575506_8141950370533286162_n.jpg","datePublished":"2022-06-06T18:01:54+00:00","dateModified":"2022-06-10T13:44:31+00:00","breadcrumb":{"@id":"http:\/\/victoriazmudz.pl\/wordpress\/2022\/06\/06\/victoria-plawanice-7-0\/#breadcrumb"},"inLanguage":"pl-PL","potentialAction":[{"@type":"ReadAction","target":["http:\/\/victoriazmudz.pl\/wordpress\/2022\/06\/06\/victoria-plawanice-7-0\/"]}]},{"@type":"ImageObject","inLanguage":"pl-PL","@id":"http:\/\/victoriazmudz.pl\/wordpress\/2022\/06\/06\/victoria-plawanice-7-0\/#primaryimage","url":"http:\/\/victoriazmudz.pl\/wordpress\/wp-content\/uploads\/2022\/06\/286029657_5015234818575506_8141950370533286162_n.jpg","contentUrl":"http:\/\/victoriazmudz.pl\/wordpress\/wp-content\/uploads\/2022\/06\/286029657_5015234818575506_8141950370533286162_n.jpg","width":2048,"height":1536},{"@type":"BreadcrumbList","@id":"http:\/\/victoriazmudz.pl\/wordpress\/2022\/06\/06\/victoria-plawanice-7-0\/#breadcrumb","itemListElement":[{"@type":"ListItem","position":1,"name":"Strona g\u0142\u00f3wna","item":"http:\/\/victoriazmudz.pl\/wordpress\/"},{"@type":"ListItem","position":2,"name":"Mamy awans! Victoria &#8211; P\u0142awanice Kamie\u0144 7:0"}]},{"@type":"WebSite","@id":"http:\/\/victoriazmudz.pl\/wordpress\/#website","url":"http:\/\/victoriazmudz.pl\/wordpress\/","name":"Victoria \u017bmud\u017a","description":"Strona klubowa Victorii \u017bmud\u017a","publisher":{"@id":"http:\/\/victoriazmudz.pl\/wordpress\/#organization"},"potentialAction":[{"@type":"SearchAction","target":{"@type":"EntryPoint","urlTemplate":"http:\/\/victoriazmudz.pl\/wordpress\/?s={search_term_string}"},"query-input":{"@type":"PropertyValueSpecification","valueRequired":true,"valueName":"search_term_string"}}],"inLanguage":"pl-PL"},{"@type":"Organization","@id":"http:\/\/victoriazmudz.pl\/wordpress\/#organization","name":"Victoria \u017bmud\u017a","url":"http:\/\/victoriazmudz.pl\/wordpress\/","logo":{"@type":"ImageObject","inLanguage":"pl-PL","@id":"http:\/\/victoriazmudz.pl\/wordpress\/#\/schema\/logo\/image\/","url":"http:\/\/victoriazmudz.pl\/wordpress\/wp-content\/uploads\/2020\/07\/logo_mini.png","contentUrl":"http:\/\/victoriazmudz.pl\/wordpress\/wp-content\/uploads\/2020\/07\/logo_mini.png","width":139,"height":181,"caption":"Victoria \u017bmud\u017a"},"image":{"@id":"http:\/\/victoriazmudz.pl\/wordpress\/#\/schema\/logo\/image\/"},"sameAs":["https:\/\/pl-pl.facebook.com\/pages\/category\/Amateur-Sports-Team\/Ks-Victoria-\u017bmud\u017a-464132730352427\/","https:\/\/x.com\/VictoriaZmudz"]},{"@type":"Person","@id":"http:\/\/victoriazmudz.pl\/wordpress\/#\/schema\/person\/8fd5b2755f2045ef668c4124c6615ca3","name":"Pawe\u0142 Mazur","image":{"@type":"ImageObject","inLanguage":"pl-PL","@id":"https:\/\/secure.gravatar.com\/avatar\/bdffa9f55c6323321630004f0d4a47e5ecff9d524bf4f3d318f33a376b3c890e?s=96&d=mm&r=g","url":"https:\/\/secure.gravatar.com\/avatar\/bdffa9f55c6323321630004f0d4a47e5ecff9d524bf4f3d318f33a376b3c890e?s=96&d=mm&r=g","contentUrl":"https:\/\/secure.gravatar.com\/avatar\/bdffa9f55c6323321630004f0d4a47e5ecff9d524bf4f3d318f33a376b3c890e?s=96&d=mm&r=g","caption":"Pawe\u0142 Mazur"},"sameAs":["http:"],"url":"http:\/\/victoriazmudz.pl\/wordpress\/author\/pabloo99\/"}]}},"jetpack_publicize_connections":[],"jetpack_featured_media_url":"http:\/\/victoriazmudz.pl\/wordpress\/wp-content\/uploads\/2022\/06\/286029657_5015234818575506_8141950370533286162_n.jpg","jetpack_sharing_enabled":true,"_links":{"self":[{"href":"http:\/\/victoriazmudz.pl\/wordpress\/wp-json\/wp\/v2\/posts\/6130","targetHints":{"allow":["GET"]}}],"collection":[{"href":"http:\/\/victoriazmudz.pl\/wordpress\/wp-json\/wp\/v2\/posts"}],"about":[{"href":"http:\/\/victoriazmudz.pl\/wordpress\/wp-json\/wp\/v2\/types\/post"}],"author":[{"embeddable":true,"href":"http:\/\/victoriazmudz.pl\/wordpress\/wp-json\/wp\/v2\/users\/1"}],"replies":[{"embeddable":true,"href":"http:\/\/victoriazmudz.pl\/wordpress\/wp-json\/wp\/v2\/comments?post=6130"}],"version-history":[{"count":14,"href":"http:\/\/victoriazmudz.pl\/wordpress\/wp-json\/wp\/v2\/posts\/6130\/revisions"}],"predecessor-version":[{"id":6148,"href":"http:\/\/victoriazmudz.pl\/wordpress\/wp-json\/wp\/v2\/posts\/6130\/revisions\/6148"}],"wp:featuredmedia":[{"embeddable":true,"href":"http:\/\/victoriazmudz.pl\/wordpress\/wp-json\/wp\/v2\/media\/6134"}],"wp:attachment":[{"href":"http:\/\/victoriazmudz.pl\/wordpress\/wp-json\/wp\/v2\/media?parent=6130"}],"wp:term":[{"taxonomy":"category","embeddable":true,"href":"http:\/\/victoriazmudz.pl\/wordpress\/wp-json\/wp\/v2\/categories?post=6130"},{"taxonomy":"post_tag","embeddable":true,"href":"http:\/\/victoriazmudz.pl\/wordpress\/wp-json\/wp\/v2\/tags?post=6130"}],"curies":[{"name":"wp","href":"https:\/\/api.w.org\/{rel}","templated":true}]}}