{"id":5163,"date":"2021-09-20T23:43:16","date_gmt":"2021-09-20T21:43:16","guid":{"rendered":"http:\/\/victoriazmudz.pl\/wordpress\/?p=5163"},"modified":"2021-09-20T23:43:16","modified_gmt":"2021-09-20T21:43:16","slug":"victoria-zryw-gorzkow-151","status":"publish","type":"post","link":"http:\/\/victoriazmudz.pl\/wordpress\/2021\/09\/20\/victoria-zryw-gorzkow-151\/","title":{"rendered":"Victoria &#8211; Zryw Gorzk\u00f3w 15:1"},"content":{"rendered":"<p><strong>Victoria &#8211; Zryw Gorzk\u00f3w 15:1 (6:1)<br \/>\n<\/strong><\/p>\n<p><strong>Bramki<\/strong>: Micha\u0142 Soroka 4&#8242;, Piotr Lecki 31&#8242;, 52&#8242;, 70&#8242;, 86&#8242;, Wojciech Sta\u0144czykowski 34&#8242; (rzut karny), Ihor Paskiv 42&#8242;, 73&#8242;, Konrad Swatowski (samob\u00f3jcza) 43&#8242;, Jakub Sawa 44&#8242;, Damian Urba\u0144ski 74&#8242;, 75&#8242;, 81&#8242;, 88&#8242;, Robert Kazubski 89&#8242;&nbsp; &#8211; \u0141ukasz Nazar 2&#8242;<\/p>\n<p>Go\u015bcie zaskoczyli naszych zawodnik\u00f3w szybko zdobyt\u0105 bramk\u0105 w jednej z pierwszych akcji spotkania. Victorii uda\u0142o si\u0119 szybko odpowiedzie\u0107. Gola po strzale g\u0142ow\u0105 zdoby\u0142 Micha\u0142 Soroka. P\u00f3\u017aniej Zryw ca\u0142kiem nie\u017ale si\u0119 broni\u0142, ale w 31 minucie Piotr Lecki \u0142adnym strza\u0142em z dalszej odleg\u0142o\u015bci zaskoczy\u0142 bramkarza rywali. Na dodatek chwil\u0119 wcze\u015bniej po drugiej \u017c\u00f3\u0142tej kartce Jakub Bereza musia\u0142 opu\u015bci\u0107 boisko. W kolejnych minutach w kr\u00f3tkim odst\u0119pie czasu dwa rzuty karne wywalczy\u0142 dla Victorii Micha\u0142 Soroka. Wykonawc\u0105 obu by\u0142 Wojtek Sta\u0144czykowski. <a href=\"https:\/\/www.facebook.com\/464132730352427\/posts\/4209785205787142\/\">Pierwsz\u0105 jedenastk\u0119 wykona\u0142 bezb\u0142\u0119dnie<\/a> i w tym momencie by\u0142o ju\u017c 3:1 dla Victorii. <a href=\"https:\/\/www.facebook.com\/464132730352427\/posts\/4209800962452233\/\">Natomiast w swojej drugiej pr\u00f3bie kapitan naszej dru\u017cyny trafi\u0142 w s\u0142upek<\/a>. Przy okazji drugiego rzutu karnego w 38 minucie czerwon\u0105 kartk\u0119 obejrza\u0142 kolejny zawodnik Zrywu &#8211; Wojciech Do\u0142han.&nbsp; Wobec tego go\u015bcie kontynuowali gr\u0119 z dziewi\u0119cioma zawodnikami na boisku. Po przerwie worek z bramkami si\u0119 rozwi\u0105za\u0142. W sumie w ca\u0142ym spotkaniu najwi\u0119kszy udzia\u0142 przy akcjach bramkowych mieli przede wszystkim Piotr Lecki, Jakub Sawa, Ihor Paskiv, Wojtek Sta\u0144czykowski, Robert Kazubski, Micha\u0142 Soroka i rezerwowy Damian Urba\u0144ski. Wszyscy wymienieni opr\u00f3cz strzelonych goli uczestniczyli w akcjach, po kt\u00f3rych bramki zdobywali inni zawodnicy. W sz\u00f3stej kolejce Victoria zagra na wyje\u017adzie z GKS \u0141opiennik. Spotkanie odb\u0119dzie si\u0119 26.09 o godzinie 16:00 na boisku w <span class=\"event-venue sp-event-venue\">Olszance. W barwach GKS-u wyst\u0119puj\u0105 aktualnie dwaj zawodnicy, kt\u00f3rzy na dobre zapisali si\u0119 w historii naszego klubu &#8211; Kamil Sawa i Robert Wagner. Zapowiada si\u0119 wi\u0119c naprawd\u0119 ciekawy mecz.<br \/>\n<\/span><\/p>\n<p><strong>Victoria:<\/strong> Seniuk (65&#8242; Romanowski) \u2013 Kusy (55&#8242; Cur), Ko\u0142odziejczyk, Omelko, Kazubski, Sta\u0144czykowski, Paskiv, Roczon (55&#8242; Urba\u0144ski), Soroka (55&#8242; Koguciuk), Sawa (60&#8242; Kasprzycki), Lecki.<br \/>\ntrener: Piotr Moli\u0144ski<\/p>\n<p><strong>Zryw:<\/strong> P. Swatowski &#8211; Nazar, Bereza, Do\u0142han, K. Swatowski, Malczewski, Pawlak, Golec, Bo\u017cko, Szymczuk, Kowalchuk.<br \/>\ntrener: Piotr Malczewski<\/p>\n<p><strong>\u017b\u00f3\u0142te kartki: <\/strong>Lecki &#8211; Bereza, Do\u0142han.<\/p>\n<p><strong>Czerwone kartki: <\/strong>Bereza 29&#8242; (za drug\u0105 \u017c\u00f3\u0142t\u0105), Do\u0142han 38&#8242; (za drug\u0105 \u017c\u00f3\u0142t\u0105).<\/p>\n<p><strong>S\u0119dziowali: <\/strong>Daniel Or\u0142owski oraz asystenci:<span id=\"referees\"> <\/span>Robert Krasu\u0144 i Krzysztof Suski.<br \/>\n&nbsp;<br \/>\n<strong>Wyniki 5 kolejki:<br \/>\n<\/strong><div class=\"sportspress sp-widget-align-none\"><div class=\"sp-template sp-template-event-list\">\n\t\t<div class=\"sp-table-wrapper\">\n\t\t<table class=\"sportix-responsive-table sp-event-list sp-event-list-format-title sp-data-table sp-paginated-table sp-sortable-table sp-scrollable-table\" data-sp-rows=\"7\">\n\t\t\t<thead>\n\t\t\t\t<tr>\n\t\t\t\t\t<th class=\"data-date\">Data<\/th><th class=\"data-event\">Mecz<\/th><th class=\"data-time\">Wynik<\/th>\t\t\t\t<\/tr>\n\t\t\t<\/thead>\n\t\t\t<tbody>\n\t\t\t\t<tr class=\"sp-row sp-post alternate sp-row-no-0\" itemscope itemtype=\"http:\/\/schema.org\/SportsEvent\"><td class=\"data-date\" itemprop=\"startDate\" content=\"2021-09-18T16:30+02:00\" data-label=\"Date\"><a href=\"http:\/\/victoriazmudz.pl\/wordpress\/event\/4761\/ \"itemprop=\"url\"><date>2021-09-18 16:30:00<\/date>18\/09\/2021<\/a><\/td><td class=\"data-event\" data-label=\"Mecz\"><a href=\"http:\/\/victoriazmudz.pl\/wordpress\/event\/4761\/\"><span class=\"sportix-list-logo\"><img loading=\"lazy\" decoding=\"async\" width=\"32\" height=\"32\" src=\"http:\/\/victoriazmudz.pl\/wordpress\/wp-content\/uploads\/2021\/08\/astra-32x32.jpg\" class=\"attachment-sportspress-fit-mini size-sportspress-fit-mini wp-post-image\" alt=\"\" \/><\/span> <span class=\"sportix-list-logo\"><img loading=\"lazy\" decoding=\"async\" width=\"32\" height=\"32\" src=\"http:\/\/victoriazmudz.pl\/wordpress\/wp-content\/uploads\/2021\/08\/hutnik_ruda-1-32x32.jpg\" class=\"attachment-sportspress-fit-mini size-sportspress-fit-mini wp-post-image\" alt=\"\" \/><\/span> Astra Le\u015bniowice - Hutnik Ruda-Huta<\/a><\/td><td class=\"data-time \" data-label=\"Godzina\/Wynik\"><a href=\"http:\/\/victoriazmudz.pl\/wordpress\/event\/4761\/\" itemprop=\"url\">1 - 3<\/a><\/td><\/tr><tr class=\"sp-row sp-post sp-row-no-1\" itemscope itemtype=\"http:\/\/schema.org\/SportsEvent\"><td class=\"data-date\" itemprop=\"startDate\" content=\"2021-09-19T14:00+02:00\" data-label=\"Date\"><a href=\"http:\/\/victoriazmudz.pl\/wordpress\/event\/4763\/ \"itemprop=\"url\"><date>2021-09-19 14:00:00<\/date>19\/09\/2021<\/a><\/td><td class=\"data-event\" data-label=\"Mecz\"><a href=\"http:\/\/victoriazmudz.pl\/wordpress\/event\/4763\/\"><span class=\"sportix-list-logo\"><img loading=\"lazy\" decoding=\"async\" width=\"24\" height=\"32\" src=\"http:\/\/victoriazmudz.pl\/wordpress\/wp-content\/uploads\/2021\/08\/vojslawia-24x32.png\" class=\"attachment-sportspress-fit-mini size-sportspress-fit-mini wp-post-image\" alt=\"\" \/><\/span> <span class=\"sportix-list-logo\"><img loading=\"lazy\" decoding=\"async\" width=\"26\" height=\"32\" src=\"http:\/\/victoriazmudz.pl\/wordpress\/wp-content\/uploads\/2021\/08\/gks-26x32.jpg\" class=\"attachment-sportspress-fit-mini size-sportspress-fit-mini wp-post-image\" alt=\"\" \/><\/span> Vojs\u0142awia Wojs\u0142awice - GKS \u0141OPIENNIK<\/a><\/td><td class=\"data-time \" data-label=\"Godzina\/Wynik\"><a href=\"http:\/\/victoriazmudz.pl\/wordpress\/event\/4763\/\" itemprop=\"url\">3 - 2<\/a><\/td><\/tr><tr class=\"sp-row sp-post alternate sp-row-no-2\" itemscope itemtype=\"http:\/\/schema.org\/SportsEvent\"><td class=\"data-date\" itemprop=\"startDate\" content=\"2021-09-19T16:00+02:00\" data-label=\"Date\"><a href=\"http:\/\/victoriazmudz.pl\/wordpress\/event\/4759\/ \"itemprop=\"url\"><date>2021-09-19 16:00:00<\/date>19\/09\/2021<\/a><\/td><td class=\"data-event\" data-label=\"Mecz\"><a href=\"http:\/\/victoriazmudz.pl\/wordpress\/event\/4759\/\"><span class=\"sportix-list-logo\"><img loading=\"lazy\" decoding=\"async\" width=\"32\" height=\"32\" src=\"http:\/\/victoriazmudz.pl\/wordpress\/wp-content\/uploads\/2021\/08\/vitrum-32x32.jpg\" class=\"attachment-sportspress-fit-mini size-sportspress-fit-mini wp-post-image\" alt=\"\" \/><\/span> <span class=\"sportix-list-logo\"><img loading=\"lazy\" decoding=\"async\" width=\"26\" height=\"32\" src=\"http:\/\/victoriazmudz.pl\/wordpress\/wp-content\/uploads\/2021\/08\/sawena-26x32.jpg\" class=\"attachment-sportspress-fit-mini size-sportspress-fit-mini wp-post-image\" alt=\"\" \/><\/span> Vitrum Wola Uhruska - Sawena Sawin<\/a><\/td><td class=\"data-time \" data-label=\"Godzina\/Wynik\"><a href=\"http:\/\/victoriazmudz.pl\/wordpress\/event\/4759\/\" itemprop=\"url\">3 - 0<\/a><\/td><\/tr><tr class=\"sp-row sp-post sp-row-no-3\" itemscope itemtype=\"http:\/\/schema.org\/SportsEvent\"><td class=\"data-date\" itemprop=\"startDate\" content=\"2021-09-19T16:00+02:00\" data-label=\"Date\"><a href=\"http:\/\/victoriazmudz.pl\/wordpress\/event\/4762\/ \"itemprop=\"url\"><date>2021-09-19 16:00:00<\/date>19\/09\/2021<\/a><\/td><td class=\"data-event\" data-label=\"Mecz\"><a href=\"http:\/\/victoriazmudz.pl\/wordpress\/event\/4762\/\"><span class=\"sportix-list-logo\"><img loading=\"lazy\" decoding=\"async\" width=\"32\" height=\"32\" src=\"http:\/\/victoriazmudz.pl\/wordpress\/wp-content\/uploads\/2020\/07\/Victoria_Zmudz-32x32.jpg\" class=\"attachment-sportspress-fit-mini size-sportspress-fit-mini wp-post-image\" alt=\"\" \/><\/span> <span class=\"sportix-list-logo\"><img loading=\"lazy\" decoding=\"async\" width=\"32\" height=\"32\" src=\"http:\/\/victoriazmudz.pl\/wordpress\/wp-content\/uploads\/2021\/08\/zryw-32x32.png\" class=\"attachment-sportspress-fit-mini size-sportspress-fit-mini wp-post-image\" alt=\"\" \/><\/span> Victoria \u017bmud\u017a - Zryw Gorzk\u00f3w<\/a><\/td><td class=\"data-time ok\" data-label=\"Godzina\/Wynik\"><a href=\"http:\/\/victoriazmudz.pl\/wordpress\/event\/4762\/\" itemprop=\"url\">15 - 1<\/a><\/td><\/tr><tr class=\"sp-row sp-post alternate sp-row-no-4\" itemscope itemtype=\"http:\/\/schema.org\/SportsEvent\"><td class=\"data-date\" itemprop=\"startDate\" content=\"2021-10-24T16:00+02:00\" data-label=\"Date\"><a href=\"http:\/\/victoriazmudz.pl\/wordpress\/event\/4760\/ \"itemprop=\"url\"><date>2021-10-24 16:00:00<\/date>24\/10\/2021<\/a><\/td><td class=\"data-event\" data-label=\"Mecz\"><a href=\"http:\/\/victoriazmudz.pl\/wordpress\/event\/4760\/\"><span class=\"sportix-list-logo\"><img loading=\"lazy\" decoding=\"async\" width=\"28\" height=\"32\" src=\"http:\/\/victoriazmudz.pl\/wordpress\/wp-content\/uploads\/2021\/08\/herb-rywala-plawanice_21-28x32.jpg\" class=\"attachment-sportspress-fit-mini size-sportspress-fit-mini wp-post-image\" alt=\"\" \/><\/span> <span class=\"sportix-list-logo\"><img loading=\"lazy\" decoding=\"async\" width=\"32\" height=\"32\" src=\"http:\/\/victoriazmudz.pl\/wordpress\/wp-content\/uploads\/2021\/08\/mks-32x32.jpg\" class=\"attachment-sportspress-fit-mini size-sportspress-fit-mini wp-post-image\" alt=\"\" \/><\/span> P\u0142awanice Kamie\u0144 - MKS  SIEDLISKA<\/a><\/td><td class=\"data-time ok\" data-label=\"Godzina\/Wynik\"><a href=\"http:\/\/victoriazmudz.pl\/wordpress\/event\/4760\/\" itemprop=\"url\">1 - 3<\/a><\/td><\/tr>\t\t\t<\/tbody>\n\t\t<\/table>\n\t<\/div>\n\t<\/div><\/div><br \/>\n&nbsp;<br \/>\n<strong>Terminarz 6 kolejki:<br \/>\n<\/strong><div class=\"sportspress sp-widget-align-none\"><div class=\"sp-template sp-template-event-list\">\n\t\t<div class=\"sp-table-wrapper\">\n\t\t<table class=\"sportix-responsive-table sp-event-list sp-event-list-format-title sp-data-table sp-paginated-table sp-sortable-table sp-scrollable-table\" data-sp-rows=\"7\">\n\t\t\t<thead>\n\t\t\t\t<tr>\n\t\t\t\t\t<th class=\"data-date\">Data<\/th><th class=\"data-event\">Mecz<\/th><th class=\"data-time\">Wynik<\/th>\t\t\t\t<\/tr>\n\t\t\t<\/thead>\n\t\t\t<tbody>\n\t\t\t\t<tr class=\"sp-row sp-post alternate sp-row-no-0\" itemscope itemtype=\"http:\/\/schema.org\/SportsEvent\"><td class=\"data-date\" itemprop=\"startDate\" content=\"2021-09-26T15:00+02:00\" data-label=\"Date\"><a href=\"http:\/\/victoriazmudz.pl\/wordpress\/event\/4767\/ \"itemprop=\"url\"><date>2021-09-26 15:00:00<\/date>26\/09\/2021<\/a><\/td><td class=\"data-event\" data-label=\"Mecz\"><a href=\"http:\/\/victoriazmudz.pl\/wordpress\/event\/4767\/\"><span class=\"sportix-list-logo\"><img loading=\"lazy\" decoding=\"async\" width=\"32\" height=\"32\" src=\"http:\/\/victoriazmudz.pl\/wordpress\/wp-content\/uploads\/2021\/08\/mks-32x32.jpg\" class=\"attachment-sportspress-fit-mini size-sportspress-fit-mini wp-post-image\" alt=\"\" \/><\/span> <span class=\"sportix-list-logo\"><img loading=\"lazy\" decoding=\"async\" width=\"26\" height=\"32\" src=\"http:\/\/victoriazmudz.pl\/wordpress\/wp-content\/uploads\/2021\/08\/sawena-26x32.jpg\" class=\"attachment-sportspress-fit-mini size-sportspress-fit-mini wp-post-image\" alt=\"\" \/><\/span> MKS  SIEDLISKA - Sawena Sawin<\/a><\/td><td class=\"data-time \" data-label=\"Godzina\/Wynik\"><a href=\"http:\/\/victoriazmudz.pl\/wordpress\/event\/4767\/\" itemprop=\"url\">4 - 2<\/a><\/td><\/tr><tr class=\"sp-row sp-post sp-row-no-1\" itemscope itemtype=\"http:\/\/schema.org\/SportsEvent\"><td class=\"data-date\" itemprop=\"startDate\" content=\"2021-09-26T16:00+02:00\" data-label=\"Date\"><a href=\"http:\/\/victoriazmudz.pl\/wordpress\/event\/4764\/ \"itemprop=\"url\"><date>2021-09-26 16:00:00<\/date>26\/09\/2021<\/a><\/td><td class=\"data-event\" data-label=\"Mecz\"><a href=\"http:\/\/victoriazmudz.pl\/wordpress\/event\/4764\/\"><span class=\"sportix-list-logo\"><img loading=\"lazy\" decoding=\"async\" width=\"28\" height=\"32\" src=\"http:\/\/victoriazmudz.pl\/wordpress\/wp-content\/uploads\/2021\/08\/herb-rywala-plawanice_21-28x32.jpg\" class=\"attachment-sportspress-fit-mini size-sportspress-fit-mini wp-post-image\" alt=\"\" \/><\/span> <span class=\"sportix-list-logo\"><img loading=\"lazy\" decoding=\"async\" width=\"32\" height=\"32\" src=\"http:\/\/victoriazmudz.pl\/wordpress\/wp-content\/uploads\/2021\/08\/astra-32x32.jpg\" class=\"attachment-sportspress-fit-mini size-sportspress-fit-mini wp-post-image\" alt=\"\" \/><\/span> P\u0142awanice Kamie\u0144 - Astra Le\u015bniowice<\/a><\/td><td class=\"data-time \" data-label=\"Godzina\/Wynik\"><a href=\"http:\/\/victoriazmudz.pl\/wordpress\/event\/4764\/\" itemprop=\"url\">0 - 3<\/a><\/td><\/tr><tr class=\"sp-row sp-post alternate sp-row-no-2\" itemscope itemtype=\"http:\/\/schema.org\/SportsEvent\"><td class=\"data-date\" itemprop=\"startDate\" content=\"2021-09-26T16:00+02:00\" data-label=\"Date\"><a href=\"http:\/\/victoriazmudz.pl\/wordpress\/event\/4765\/ \"itemprop=\"url\"><date>2021-09-26 16:00:00<\/date>26\/09\/2021<\/a><\/td><td class=\"data-event\" data-label=\"Mecz\"><a href=\"http:\/\/victoriazmudz.pl\/wordpress\/event\/4765\/\"><span class=\"sportix-list-logo\"><img loading=\"lazy\" decoding=\"async\" width=\"32\" height=\"32\" src=\"http:\/\/victoriazmudz.pl\/wordpress\/wp-content\/uploads\/2021\/08\/hutnik_ruda-1-32x32.jpg\" class=\"attachment-sportspress-fit-mini size-sportspress-fit-mini wp-post-image\" alt=\"\" \/><\/span> <span class=\"sportix-list-logo\"><img loading=\"lazy\" decoding=\"async\" width=\"24\" height=\"32\" src=\"http:\/\/victoriazmudz.pl\/wordpress\/wp-content\/uploads\/2021\/08\/vojslawia-24x32.png\" class=\"attachment-sportspress-fit-mini size-sportspress-fit-mini wp-post-image\" alt=\"\" \/><\/span> Hutnik Ruda-Huta - Vojs\u0142awia Wojs\u0142awice<\/a><\/td><td class=\"data-time \" data-label=\"Godzina\/Wynik\"><a href=\"http:\/\/victoriazmudz.pl\/wordpress\/event\/4765\/\" itemprop=\"url\">4 - 1<\/a><\/td><\/tr><tr class=\"sp-row sp-post sp-row-no-3\" itemscope itemtype=\"http:\/\/schema.org\/SportsEvent\"><td class=\"data-date\" itemprop=\"startDate\" content=\"2021-09-26T16:00+02:00\" data-label=\"Date\"><a href=\"http:\/\/victoriazmudz.pl\/wordpress\/event\/4766\/ \"itemprop=\"url\"><date>2021-09-26 16:00:00<\/date>26\/09\/2021<\/a><\/td><td class=\"data-event\" data-label=\"Mecz\"><a href=\"http:\/\/victoriazmudz.pl\/wordpress\/event\/4766\/\"><span class=\"sportix-list-logo\"><img loading=\"lazy\" decoding=\"async\" width=\"32\" height=\"32\" src=\"http:\/\/victoriazmudz.pl\/wordpress\/wp-content\/uploads\/2021\/08\/zryw-32x32.png\" class=\"attachment-sportspress-fit-mini size-sportspress-fit-mini wp-post-image\" alt=\"\" \/><\/span> <span class=\"sportix-list-logo\"><img loading=\"lazy\" decoding=\"async\" width=\"32\" height=\"32\" src=\"http:\/\/victoriazmudz.pl\/wordpress\/wp-content\/uploads\/2021\/08\/vitrum-32x32.jpg\" class=\"attachment-sportspress-fit-mini size-sportspress-fit-mini wp-post-image\" alt=\"\" \/><\/span> Zryw Gorzk\u00f3w - Vitrum Wola Uhruska<\/a><\/td><td class=\"data-time \" data-label=\"Godzina\/Wynik\"><a href=\"http:\/\/victoriazmudz.pl\/wordpress\/event\/4766\/\" itemprop=\"url\">2 - 5<\/a><\/td><\/tr><tr class=\"sp-row sp-post alternate sp-row-no-4\" itemscope itemtype=\"http:\/\/schema.org\/SportsEvent\"><td class=\"data-date\" itemprop=\"startDate\" content=\"2021-09-26T16:00+02:00\" data-label=\"Date\"><a href=\"http:\/\/victoriazmudz.pl\/wordpress\/event\/4768\/ \"itemprop=\"url\"><date>2021-09-26 16:00:00<\/date>26\/09\/2021<\/a><\/td><td class=\"data-event\" data-label=\"Mecz\"><a href=\"http:\/\/victoriazmudz.pl\/wordpress\/event\/4768\/\"><span class=\"sportix-list-logo\"><img loading=\"lazy\" decoding=\"async\" width=\"26\" height=\"32\" src=\"http:\/\/victoriazmudz.pl\/wordpress\/wp-content\/uploads\/2021\/08\/gks-26x32.jpg\" class=\"attachment-sportspress-fit-mini size-sportspress-fit-mini wp-post-image\" alt=\"\" \/><\/span> <span class=\"sportix-list-logo\"><img loading=\"lazy\" decoding=\"async\" width=\"32\" height=\"32\" src=\"http:\/\/victoriazmudz.pl\/wordpress\/wp-content\/uploads\/2020\/07\/Victoria_Zmudz-32x32.jpg\" class=\"attachment-sportspress-fit-mini size-sportspress-fit-mini wp-post-image\" alt=\"\" \/><\/span> GKS \u0141OPIENNIK - Victoria \u017bmud\u017a<\/a><\/td><td class=\"data-time ok\" data-label=\"Godzina\/Wynik\"><a href=\"http:\/\/victoriazmudz.pl\/wordpress\/event\/4768\/\" itemprop=\"url\">3 - 4<\/a><\/td><\/tr>\t\t\t<\/tbody>\n\t\t<\/table>\n\t<\/div>\n\t<\/div><\/div><br \/>\n&nbsp;<\/p>\n<p>ngg_shortcode_0_placeholder&nbsp;Autor zdj\u0119\u0107: Pawe\u0142 Gorczycki<br \/>\n&nbsp;<br \/>\n<a href=\"http:\/\/victoriazmudz.pl\/wordpress\/live\/\">Wyniki na \u017cywo<\/a><br \/>\n<a href=\"http:\/\/victoriazmudz.pl\/wordpress\/wyniki-i-terminarz\/\">Wyniki i terminarz<\/a><br \/>\n<a href=\"http:\/\/victoriazmudz.pl\/wordpress\/rozgrywki\/tabela-ligowa\/\">Aktualna tabela ligowa<\/a><\/p>\n","protected":false},"excerpt":{"rendered":"<p>Victoria &#8211; Zryw Gorzk\u00f3w 15:1 (6:1) Bramki: Micha\u0142 Soroka 4&#8242;, Piotr Lecki 31&#8242;, 52&#8242;, 70&#8242;, 86&#8242;, Wojciech Sta\u0144czykowski 34&#8242; (rzut karny), Ihor Paskiv 42&#8242;, 73&#8242;, Konrad Swatowski (samob\u00f3jcza) 43&#8242;, Jakub Sawa 44&#8242;, Damian Urba\u0144ski 74&#8242;, 75&#8242;, 81&#8242;, 88&#8242;, Robert Kazubski 89&#8242;&nbsp; &#8211; \u0141ukasz Nazar 2&#8242; Go\u015bcie zaskoczyli naszych zawodnik\u00f3w szybko zdobyt\u0105 bramk\u0105 w jednej z&#8230;<\/p>\n","protected":false},"author":1,"featured_media":5203,"comment_status":"open","ping_status":"open","sticky":false,"template":"","format":"standard","meta":{"ngg_post_thumbnail":0,"_jetpack_memberships_contains_paid_content":false,"footnotes":"","jetpack_publicize_message":"","jetpack_publicize_feature_enabled":true,"jetpack_social_post_already_shared":true,"jetpack_social_options":{"image_generator_settings":{"template":"highway","default_image_id":0,"font":"","enabled":false},"version":2}},"categories":[196,197],"tags":[198,115,214],"class_list":["post-5163","post","type-post","status-publish","format-standard","has-post-thumbnail","hentry","category-a-klasa","category-sezon-2021-2022","tag-a-klasa","tag-victoria-zmudz","tag-zryw-gorzkow"],"yoast_head":"<!-- This site is optimized with the Yoast SEO plugin v27.3 - https:\/\/yoast.com\/product\/yoast-seo-wordpress\/ -->\n<title>Victoria - Zryw Gorzk\u00f3w 15:1 - Victoria \u017bmud\u017a<\/title>\n<meta name=\"robots\" content=\"index, follow, max-snippet:-1, max-image-preview:large, max-video-preview:-1\" \/>\n<link rel=\"canonical\" href=\"http:\/\/victoriazmudz.pl\/wordpress\/2021\/09\/20\/victoria-zryw-gorzkow-151\/\" \/>\n<meta property=\"og:locale\" content=\"pl_PL\" \/>\n<meta property=\"og:type\" content=\"article\" \/>\n<meta property=\"og:title\" content=\"Victoria - Zryw Gorzk\u00f3w 15:1 - Victoria \u017bmud\u017a\" \/>\n<meta property=\"og:description\" content=\"Victoria &#8211; Zryw Gorzk\u00f3w 15:1 (6:1) Bramki: Micha\u0142 Soroka 4&#8242;, Piotr Lecki 31&#8242;, 52&#8242;, 70&#8242;, 86&#8242;, Wojciech Sta\u0144czykowski 34&#8242; (rzut karny), Ihor Paskiv 42&#8242;, 73&#8242;, Konrad Swatowski (samob\u00f3jcza) 43&#8242;, Jakub Sawa 44&#8242;, Damian Urba\u0144ski 74&#8242;, 75&#8242;, 81&#8242;, 88&#8242;, Robert Kazubski 89&#8242;&nbsp; &#8211; \u0141ukasz Nazar 2&#8242; Go\u015bcie zaskoczyli naszych zawodnik\u00f3w szybko zdobyt\u0105 bramk\u0105 w jednej z...\" \/>\n<meta property=\"og:url\" content=\"http:\/\/victoriazmudz.pl\/wordpress\/2021\/09\/20\/victoria-zryw-gorzkow-151\/\" \/>\n<meta property=\"og:site_name\" content=\"Victoria \u017bmud\u017a\" \/>\n<meta property=\"article:publisher\" content=\"https:\/\/pl-pl.facebook.com\/pages\/category\/Amateur-Sports-Team\/Ks-Victoria-%c5%bbmud%c5%ba-464132730352427\/\" \/>\n<meta property=\"article:published_time\" content=\"2021-09-20T21:43:16+00:00\" \/>\n<meta property=\"og:image\" content=\"http:\/\/victoriazmudz.pl\/wordpress\/wp-content\/uploads\/2021\/09\/242328762_4210127515752911_263098188418608282_n.jpg\" \/>\n\t<meta property=\"og:image:width\" content=\"960\" \/>\n\t<meta property=\"og:image:height\" content=\"720\" \/>\n\t<meta property=\"og:image:type\" content=\"image\/jpeg\" \/>\n<meta name=\"author\" content=\"Pawe\u0142 Mazur\" \/>\n<meta name=\"twitter:card\" content=\"summary_large_image\" \/>\n<meta name=\"twitter:creator\" content=\"@VictoriaZmudz\" \/>\n<meta name=\"twitter:site\" content=\"@VictoriaZmudz\" \/>\n<meta name=\"twitter:label1\" content=\"Napisane przez\" \/>\n\t<meta name=\"twitter:data1\" content=\"Pawe\u0142 Mazur\" \/>\n\t<meta name=\"twitter:label2\" content=\"Szacowany czas czytania\" \/>\n\t<meta name=\"twitter:data2\" content=\"2 minuty\" \/>\n<script type=\"application\/ld+json\" class=\"yoast-schema-graph\">{\"@context\":\"https:\\\/\\\/schema.org\",\"@graph\":[{\"@type\":\"Article\",\"@id\":\"http:\\\/\\\/victoriazmudz.pl\\\/wordpress\\\/2021\\\/09\\\/20\\\/victoria-zryw-gorzkow-151\\\/#article\",\"isPartOf\":{\"@id\":\"http:\\\/\\\/victoriazmudz.pl\\\/wordpress\\\/2021\\\/09\\\/20\\\/victoria-zryw-gorzkow-151\\\/\"},\"author\":{\"name\":\"Pawe\u0142 Mazur\",\"@id\":\"http:\\\/\\\/victoriazmudz.pl\\\/wordpress\\\/#\\\/schema\\\/person\\\/8fd5b2755f2045ef668c4124c6615ca3\"},\"headline\":\"Victoria &#8211; Zryw Gorzk\u00f3w 15:1\",\"datePublished\":\"2021-09-20T21:43:16+00:00\",\"mainEntityOfPage\":{\"@id\":\"http:\\\/\\\/victoriazmudz.pl\\\/wordpress\\\/2021\\\/09\\\/20\\\/victoria-zryw-gorzkow-151\\\/\"},\"wordCount\":484,\"commentCount\":0,\"publisher\":{\"@id\":\"http:\\\/\\\/victoriazmudz.pl\\\/wordpress\\\/#organization\"},\"image\":{\"@id\":\"http:\\\/\\\/victoriazmudz.pl\\\/wordpress\\\/2021\\\/09\\\/20\\\/victoria-zryw-gorzkow-151\\\/#primaryimage\"},\"thumbnailUrl\":\"http:\\\/\\\/victoriazmudz.pl\\\/wordpress\\\/wp-content\\\/uploads\\\/2021\\\/09\\\/242328762_4210127515752911_263098188418608282_n.jpg\",\"keywords\":[\"A klasa\",\"Victoria \u017bmud\u017a\",\"Zryw Gorzk\u00f3w\"],\"articleSection\":[\"A klasa\",\"sezon 2021\\\/2022\"],\"inLanguage\":\"pl-PL\",\"potentialAction\":[{\"@type\":\"CommentAction\",\"name\":\"Comment\",\"target\":[\"http:\\\/\\\/victoriazmudz.pl\\\/wordpress\\\/2021\\\/09\\\/20\\\/victoria-zryw-gorzkow-151\\\/#respond\"]}]},{\"@type\":\"WebPage\",\"@id\":\"http:\\\/\\\/victoriazmudz.pl\\\/wordpress\\\/2021\\\/09\\\/20\\\/victoria-zryw-gorzkow-151\\\/\",\"url\":\"http:\\\/\\\/victoriazmudz.pl\\\/wordpress\\\/2021\\\/09\\\/20\\\/victoria-zryw-gorzkow-151\\\/\",\"name\":\"Victoria - Zryw Gorzk\u00f3w 15:1 - Victoria \u017bmud\u017a\",\"isPartOf\":{\"@id\":\"http:\\\/\\\/victoriazmudz.pl\\\/wordpress\\\/#website\"},\"primaryImageOfPage\":{\"@id\":\"http:\\\/\\\/victoriazmudz.pl\\\/wordpress\\\/2021\\\/09\\\/20\\\/victoria-zryw-gorzkow-151\\\/#primaryimage\"},\"image\":{\"@id\":\"http:\\\/\\\/victoriazmudz.pl\\\/wordpress\\\/2021\\\/09\\\/20\\\/victoria-zryw-gorzkow-151\\\/#primaryimage\"},\"thumbnailUrl\":\"http:\\\/\\\/victoriazmudz.pl\\\/wordpress\\\/wp-content\\\/uploads\\\/2021\\\/09\\\/242328762_4210127515752911_263098188418608282_n.jpg\",\"datePublished\":\"2021-09-20T21:43:16+00:00\",\"breadcrumb\":{\"@id\":\"http:\\\/\\\/victoriazmudz.pl\\\/wordpress\\\/2021\\\/09\\\/20\\\/victoria-zryw-gorzkow-151\\\/#breadcrumb\"},\"inLanguage\":\"pl-PL\",\"potentialAction\":[{\"@type\":\"ReadAction\",\"target\":[\"http:\\\/\\\/victoriazmudz.pl\\\/wordpress\\\/2021\\\/09\\\/20\\\/victoria-zryw-gorzkow-151\\\/\"]}]},{\"@type\":\"ImageObject\",\"inLanguage\":\"pl-PL\",\"@id\":\"http:\\\/\\\/victoriazmudz.pl\\\/wordpress\\\/2021\\\/09\\\/20\\\/victoria-zryw-gorzkow-151\\\/#primaryimage\",\"url\":\"http:\\\/\\\/victoriazmudz.pl\\\/wordpress\\\/wp-content\\\/uploads\\\/2021\\\/09\\\/242328762_4210127515752911_263098188418608282_n.jpg\",\"contentUrl\":\"http:\\\/\\\/victoriazmudz.pl\\\/wordpress\\\/wp-content\\\/uploads\\\/2021\\\/09\\\/242328762_4210127515752911_263098188418608282_n.jpg\",\"width\":960,\"height\":720},{\"@type\":\"BreadcrumbList\",\"@id\":\"http:\\\/\\\/victoriazmudz.pl\\\/wordpress\\\/2021\\\/09\\\/20\\\/victoria-zryw-gorzkow-151\\\/#breadcrumb\",\"itemListElement\":[{\"@type\":\"ListItem\",\"position\":1,\"name\":\"Strona g\u0142\u00f3wna\",\"item\":\"http:\\\/\\\/victoriazmudz.pl\\\/wordpress\\\/\"},{\"@type\":\"ListItem\",\"position\":2,\"name\":\"Victoria &#8211; Zryw Gorzk\u00f3w 15:1\"}]},{\"@type\":\"WebSite\",\"@id\":\"http:\\\/\\\/victoriazmudz.pl\\\/wordpress\\\/#website\",\"url\":\"http:\\\/\\\/victoriazmudz.pl\\\/wordpress\\\/\",\"name\":\"Victoria \u017bmud\u017a\",\"description\":\"Strona klubowa Victorii \u017bmud\u017a\",\"publisher\":{\"@id\":\"http:\\\/\\\/victoriazmudz.pl\\\/wordpress\\\/#organization\"},\"potentialAction\":[{\"@type\":\"SearchAction\",\"target\":{\"@type\":\"EntryPoint\",\"urlTemplate\":\"http:\\\/\\\/victoriazmudz.pl\\\/wordpress\\\/?s={search_term_string}\"},\"query-input\":{\"@type\":\"PropertyValueSpecification\",\"valueRequired\":true,\"valueName\":\"search_term_string\"}}],\"inLanguage\":\"pl-PL\"},{\"@type\":\"Organization\",\"@id\":\"http:\\\/\\\/victoriazmudz.pl\\\/wordpress\\\/#organization\",\"name\":\"Victoria \u017bmud\u017a\",\"url\":\"http:\\\/\\\/victoriazmudz.pl\\\/wordpress\\\/\",\"logo\":{\"@type\":\"ImageObject\",\"inLanguage\":\"pl-PL\",\"@id\":\"http:\\\/\\\/victoriazmudz.pl\\\/wordpress\\\/#\\\/schema\\\/logo\\\/image\\\/\",\"url\":\"http:\\\/\\\/victoriazmudz.pl\\\/wordpress\\\/wp-content\\\/uploads\\\/2020\\\/07\\\/logo_mini.png\",\"contentUrl\":\"http:\\\/\\\/victoriazmudz.pl\\\/wordpress\\\/wp-content\\\/uploads\\\/2020\\\/07\\\/logo_mini.png\",\"width\":139,\"height\":181,\"caption\":\"Victoria \u017bmud\u017a\"},\"image\":{\"@id\":\"http:\\\/\\\/victoriazmudz.pl\\\/wordpress\\\/#\\\/schema\\\/logo\\\/image\\\/\"},\"sameAs\":[\"https:\\\/\\\/pl-pl.facebook.com\\\/pages\\\/category\\\/Amateur-Sports-Team\\\/Ks-Victoria-\u017bmud\u017a-464132730352427\\\/\",\"https:\\\/\\\/x.com\\\/VictoriaZmudz\"]},{\"@type\":\"Person\",\"@id\":\"http:\\\/\\\/victoriazmudz.pl\\\/wordpress\\\/#\\\/schema\\\/person\\\/8fd5b2755f2045ef668c4124c6615ca3\",\"name\":\"Pawe\u0142 Mazur\",\"image\":{\"@type\":\"ImageObject\",\"inLanguage\":\"pl-PL\",\"@id\":\"https:\\\/\\\/secure.gravatar.com\\\/avatar\\\/bdffa9f55c6323321630004f0d4a47e5ecff9d524bf4f3d318f33a376b3c890e?s=96&d=mm&r=g\",\"url\":\"https:\\\/\\\/secure.gravatar.com\\\/avatar\\\/bdffa9f55c6323321630004f0d4a47e5ecff9d524bf4f3d318f33a376b3c890e?s=96&d=mm&r=g\",\"contentUrl\":\"https:\\\/\\\/secure.gravatar.com\\\/avatar\\\/bdffa9f55c6323321630004f0d4a47e5ecff9d524bf4f3d318f33a376b3c890e?s=96&d=mm&r=g\",\"caption\":\"Pawe\u0142 Mazur\"},\"sameAs\":[\"http:\"],\"url\":\"http:\\\/\\\/victoriazmudz.pl\\\/wordpress\\\/author\\\/pabloo99\\\/\"}]}<\/script>\n<!-- \/ Yoast SEO plugin. -->","yoast_head_json":{"title":"Victoria - Zryw Gorzk\u00f3w 15:1 - Victoria \u017bmud\u017a","robots":{"index":"index","follow":"follow","max-snippet":"max-snippet:-1","max-image-preview":"max-image-preview:large","max-video-preview":"max-video-preview:-1"},"canonical":"http:\/\/victoriazmudz.pl\/wordpress\/2021\/09\/20\/victoria-zryw-gorzkow-151\/","og_locale":"pl_PL","og_type":"article","og_title":"Victoria - Zryw Gorzk\u00f3w 15:1 - Victoria \u017bmud\u017a","og_description":"Victoria &#8211; Zryw Gorzk\u00f3w 15:1 (6:1) Bramki: Micha\u0142 Soroka 4&#8242;, Piotr Lecki 31&#8242;, 52&#8242;, 70&#8242;, 86&#8242;, Wojciech Sta\u0144czykowski 34&#8242; (rzut karny), Ihor Paskiv 42&#8242;, 73&#8242;, Konrad Swatowski (samob\u00f3jcza) 43&#8242;, Jakub Sawa 44&#8242;, Damian Urba\u0144ski 74&#8242;, 75&#8242;, 81&#8242;, 88&#8242;, Robert Kazubski 89&#8242;&nbsp; &#8211; \u0141ukasz Nazar 2&#8242; Go\u015bcie zaskoczyli naszych zawodnik\u00f3w szybko zdobyt\u0105 bramk\u0105 w jednej z...","og_url":"http:\/\/victoriazmudz.pl\/wordpress\/2021\/09\/20\/victoria-zryw-gorzkow-151\/","og_site_name":"Victoria \u017bmud\u017a","article_publisher":"https:\/\/pl-pl.facebook.com\/pages\/category\/Amateur-Sports-Team\/Ks-Victoria-%c5%bbmud%c5%ba-464132730352427\/","article_published_time":"2021-09-20T21:43:16+00:00","og_image":[{"width":960,"height":720,"url":"http:\/\/victoriazmudz.pl\/wordpress\/wp-content\/uploads\/2021\/09\/242328762_4210127515752911_263098188418608282_n.jpg","type":"image\/jpeg"}],"author":"Pawe\u0142 Mazur","twitter_card":"summary_large_image","twitter_creator":"@VictoriaZmudz","twitter_site":"@VictoriaZmudz","twitter_misc":{"Napisane przez":"Pawe\u0142 Mazur","Szacowany czas czytania":"2 minuty"},"schema":{"@context":"https:\/\/schema.org","@graph":[{"@type":"Article","@id":"http:\/\/victoriazmudz.pl\/wordpress\/2021\/09\/20\/victoria-zryw-gorzkow-151\/#article","isPartOf":{"@id":"http:\/\/victoriazmudz.pl\/wordpress\/2021\/09\/20\/victoria-zryw-gorzkow-151\/"},"author":{"name":"Pawe\u0142 Mazur","@id":"http:\/\/victoriazmudz.pl\/wordpress\/#\/schema\/person\/8fd5b2755f2045ef668c4124c6615ca3"},"headline":"Victoria &#8211; Zryw Gorzk\u00f3w 15:1","datePublished":"2021-09-20T21:43:16+00:00","mainEntityOfPage":{"@id":"http:\/\/victoriazmudz.pl\/wordpress\/2021\/09\/20\/victoria-zryw-gorzkow-151\/"},"wordCount":484,"commentCount":0,"publisher":{"@id":"http:\/\/victoriazmudz.pl\/wordpress\/#organization"},"image":{"@id":"http:\/\/victoriazmudz.pl\/wordpress\/2021\/09\/20\/victoria-zryw-gorzkow-151\/#primaryimage"},"thumbnailUrl":"http:\/\/victoriazmudz.pl\/wordpress\/wp-content\/uploads\/2021\/09\/242328762_4210127515752911_263098188418608282_n.jpg","keywords":["A klasa","Victoria \u017bmud\u017a","Zryw Gorzk\u00f3w"],"articleSection":["A klasa","sezon 2021\/2022"],"inLanguage":"pl-PL","potentialAction":[{"@type":"CommentAction","name":"Comment","target":["http:\/\/victoriazmudz.pl\/wordpress\/2021\/09\/20\/victoria-zryw-gorzkow-151\/#respond"]}]},{"@type":"WebPage","@id":"http:\/\/victoriazmudz.pl\/wordpress\/2021\/09\/20\/victoria-zryw-gorzkow-151\/","url":"http:\/\/victoriazmudz.pl\/wordpress\/2021\/09\/20\/victoria-zryw-gorzkow-151\/","name":"Victoria - Zryw Gorzk\u00f3w 15:1 - Victoria \u017bmud\u017a","isPartOf":{"@id":"http:\/\/victoriazmudz.pl\/wordpress\/#website"},"primaryImageOfPage":{"@id":"http:\/\/victoriazmudz.pl\/wordpress\/2021\/09\/20\/victoria-zryw-gorzkow-151\/#primaryimage"},"image":{"@id":"http:\/\/victoriazmudz.pl\/wordpress\/2021\/09\/20\/victoria-zryw-gorzkow-151\/#primaryimage"},"thumbnailUrl":"http:\/\/victoriazmudz.pl\/wordpress\/wp-content\/uploads\/2021\/09\/242328762_4210127515752911_263098188418608282_n.jpg","datePublished":"2021-09-20T21:43:16+00:00","breadcrumb":{"@id":"http:\/\/victoriazmudz.pl\/wordpress\/2021\/09\/20\/victoria-zryw-gorzkow-151\/#breadcrumb"},"inLanguage":"pl-PL","potentialAction":[{"@type":"ReadAction","target":["http:\/\/victoriazmudz.pl\/wordpress\/2021\/09\/20\/victoria-zryw-gorzkow-151\/"]}]},{"@type":"ImageObject","inLanguage":"pl-PL","@id":"http:\/\/victoriazmudz.pl\/wordpress\/2021\/09\/20\/victoria-zryw-gorzkow-151\/#primaryimage","url":"http:\/\/victoriazmudz.pl\/wordpress\/wp-content\/uploads\/2021\/09\/242328762_4210127515752911_263098188418608282_n.jpg","contentUrl":"http:\/\/victoriazmudz.pl\/wordpress\/wp-content\/uploads\/2021\/09\/242328762_4210127515752911_263098188418608282_n.jpg","width":960,"height":720},{"@type":"BreadcrumbList","@id":"http:\/\/victoriazmudz.pl\/wordpress\/2021\/09\/20\/victoria-zryw-gorzkow-151\/#breadcrumb","itemListElement":[{"@type":"ListItem","position":1,"name":"Strona g\u0142\u00f3wna","item":"http:\/\/victoriazmudz.pl\/wordpress\/"},{"@type":"ListItem","position":2,"name":"Victoria &#8211; Zryw Gorzk\u00f3w 15:1"}]},{"@type":"WebSite","@id":"http:\/\/victoriazmudz.pl\/wordpress\/#website","url":"http:\/\/victoriazmudz.pl\/wordpress\/","name":"Victoria \u017bmud\u017a","description":"Strona klubowa Victorii \u017bmud\u017a","publisher":{"@id":"http:\/\/victoriazmudz.pl\/wordpress\/#organization"},"potentialAction":[{"@type":"SearchAction","target":{"@type":"EntryPoint","urlTemplate":"http:\/\/victoriazmudz.pl\/wordpress\/?s={search_term_string}"},"query-input":{"@type":"PropertyValueSpecification","valueRequired":true,"valueName":"search_term_string"}}],"inLanguage":"pl-PL"},{"@type":"Organization","@id":"http:\/\/victoriazmudz.pl\/wordpress\/#organization","name":"Victoria \u017bmud\u017a","url":"http:\/\/victoriazmudz.pl\/wordpress\/","logo":{"@type":"ImageObject","inLanguage":"pl-PL","@id":"http:\/\/victoriazmudz.pl\/wordpress\/#\/schema\/logo\/image\/","url":"http:\/\/victoriazmudz.pl\/wordpress\/wp-content\/uploads\/2020\/07\/logo_mini.png","contentUrl":"http:\/\/victoriazmudz.pl\/wordpress\/wp-content\/uploads\/2020\/07\/logo_mini.png","width":139,"height":181,"caption":"Victoria \u017bmud\u017a"},"image":{"@id":"http:\/\/victoriazmudz.pl\/wordpress\/#\/schema\/logo\/image\/"},"sameAs":["https:\/\/pl-pl.facebook.com\/pages\/category\/Amateur-Sports-Team\/Ks-Victoria-\u017bmud\u017a-464132730352427\/","https:\/\/x.com\/VictoriaZmudz"]},{"@type":"Person","@id":"http:\/\/victoriazmudz.pl\/wordpress\/#\/schema\/person\/8fd5b2755f2045ef668c4124c6615ca3","name":"Pawe\u0142 Mazur","image":{"@type":"ImageObject","inLanguage":"pl-PL","@id":"https:\/\/secure.gravatar.com\/avatar\/bdffa9f55c6323321630004f0d4a47e5ecff9d524bf4f3d318f33a376b3c890e?s=96&d=mm&r=g","url":"https:\/\/secure.gravatar.com\/avatar\/bdffa9f55c6323321630004f0d4a47e5ecff9d524bf4f3d318f33a376b3c890e?s=96&d=mm&r=g","contentUrl":"https:\/\/secure.gravatar.com\/avatar\/bdffa9f55c6323321630004f0d4a47e5ecff9d524bf4f3d318f33a376b3c890e?s=96&d=mm&r=g","caption":"Pawe\u0142 Mazur"},"sameAs":["http:"],"url":"http:\/\/victoriazmudz.pl\/wordpress\/author\/pabloo99\/"}]}},"jetpack_publicize_connections":[],"jetpack_featured_media_url":"http:\/\/victoriazmudz.pl\/wordpress\/wp-content\/uploads\/2021\/09\/242328762_4210127515752911_263098188418608282_n.jpg","jetpack_sharing_enabled":true,"_links":{"self":[{"href":"http:\/\/victoriazmudz.pl\/wordpress\/wp-json\/wp\/v2\/posts\/5163","targetHints":{"allow":["GET"]}}],"collection":[{"href":"http:\/\/victoriazmudz.pl\/wordpress\/wp-json\/wp\/v2\/posts"}],"about":[{"href":"http:\/\/victoriazmudz.pl\/wordpress\/wp-json\/wp\/v2\/types\/post"}],"author":[{"embeddable":true,"href":"http:\/\/victoriazmudz.pl\/wordpress\/wp-json\/wp\/v2\/users\/1"}],"replies":[{"embeddable":true,"href":"http:\/\/victoriazmudz.pl\/wordpress\/wp-json\/wp\/v2\/comments?post=5163"}],"version-history":[{"count":12,"href":"http:\/\/victoriazmudz.pl\/wordpress\/wp-json\/wp\/v2\/posts\/5163\/revisions"}],"predecessor-version":[{"id":5210,"href":"http:\/\/victoriazmudz.pl\/wordpress\/wp-json\/wp\/v2\/posts\/5163\/revisions\/5210"}],"wp:featuredmedia":[{"embeddable":true,"href":"http:\/\/victoriazmudz.pl\/wordpress\/wp-json\/wp\/v2\/media\/5203"}],"wp:attachment":[{"href":"http:\/\/victoriazmudz.pl\/wordpress\/wp-json\/wp\/v2\/media?parent=5163"}],"wp:term":[{"taxonomy":"category","embeddable":true,"href":"http:\/\/victoriazmudz.pl\/wordpress\/wp-json\/wp\/v2\/categories?post=5163"},{"taxonomy":"post_tag","embeddable":true,"href":"http:\/\/victoriazmudz.pl\/wordpress\/wp-json\/wp\/v2\/tags?post=5163"}],"curies":[{"name":"wp","href":"https:\/\/api.w.org\/{rel}","templated":true}]}}