{"id":12661,"date":"2026-08-22T22:23:17","date_gmt":"2026-08-22T20:23:17","guid":{"rendered":"http:\/\/victoriazmudz.pl\/wordpress\/?p=12661"},"modified":"2026-08-22T22:23:17","modified_gmt":"2026-08-22T20:23:17","slug":"przed-rozpoczeciem-rundy-jesiennej-sezonu-2026-2027","status":"publish","type":"post","link":"http:\/\/victoriazmudz.pl\/wordpress\/2026\/08\/22\/przed-rozpoczeciem-rundy-jesiennej-sezonu-2026-2027\/","title":{"rendered":"Przed rozpocz\u0119ciem rundy jesiennej sezonu 2026\/2027"},"content":{"rendered":"<p><strong>Kadra Victorii \u017bmud\u017a na rund\u0119 jesienn\u0105 sezonu 2026\/2027: <\/strong><strong><br \/>\n<\/strong>Hubert Ko\u0142odziejczyk, Damian Urba\u0144ski, Dawid Urba\u0144ski, Mateusz Seniuk, Artur Iwat, Mi\u0142osz Kusy, Pawe\u0142 Kossowski, Przemys\u0142aw Pieczykolan, Adrian Czajka, Oskar Grobelny, \u0141ukasz Toporowski, Oskar Tates, Jakub Fronc, Tomasz Tabu\u0142a, Marcin Ostaszewski, Jaros\u0142aw Olejniczak, Robert Wagner, Kamil Fronc, Damian Kasprzycki, Ernest Urba\u0144ski, Seweryn Bojczuk, Karol Fronc, Mateusz Czarnota, Marcin Perdun, Filip Zarek, Jakub Wawryszczuk, Adrian Sekrecki.<\/p>\n<p><strong>Trener:<\/strong> Piotr Moli\u0144ski<br \/>\n<strong>Kierownik dru\u017cyny:<\/strong> Dariusz Czarnota<br \/>\n&nbsp;<br \/>\n<strong>Przybyli:<\/strong><strong><br \/>\n<\/strong>&#8212;<br \/>\n&nbsp;<br \/>\n<strong>Ubyli:<br \/>\n<\/strong>Grzegorz Wierzbicki, Micha\u0142 Radziewicz, Nikodem Cymborski, Tomasz Binkiewicz (nie wznowili trening\u00f3w)<br \/>\n&nbsp;<br \/>\n<b>Mecze sparingowe rozegrane podczas przerwy w rozgrywkach:<br \/>\n<\/b>19.07 &#8211; Unia Bia\u0142opole, 7:2 dla Unii<br \/>\n24.07 &#8211; P\u0142awanice Kamie\u0144, 4:2 dla P\u0142awanic<br \/>\n07.08 &#8211; Znicz Siennica R\u00f3\u017cana, 5:4 dla Victorii<br \/>\n11.08 &#8211; Vojs\u0142awia Wojs\u0142awice, 3:2 dla Victorii<br \/>\n&nbsp;<br \/>\n<strong>Puchar Polski LZPN:<br \/>\n<\/strong><a href=\"http:\/\/victoriazmudz.pl\/wordpress\/2026\/08\/17\/victoria-brat-0-4\/\">01.08 &#8211; I runda &#8211; Victoria \u017bmud\u017a &#8211; Brat Siennica Nadolna 0:4<\/a><br \/>\n&nbsp;&nbsp;<br \/>\n<b>Terminarz 1 kolejki:<br \/>\n<\/b><div class=\"sportspress sp-widget-align-none\"><div class=\"sp-template sp-template-event-list\">\n\t\t<div class=\"sp-table-wrapper\">\n\t\t<table class=\"sportix-responsive-table sp-event-list sp-event-list-format-title sp-data-table sp-paginated-table sp-sortable-table sp-scrollable-table\" data-sp-rows=\"7\">\n\t\t\t<thead>\n\t\t\t\t<tr>\n\t\t\t\t\t<th class=\"data-date\">Data<\/th><th class=\"data-event\">Mecz<\/th><th class=\"data-time\">Wynik<\/th>\t\t\t\t<\/tr>\n\t\t\t<\/thead>\n\t\t\t<tbody>\n\t\t\t\t<tr class=\"sp-row sp-post alternate sp-row-no-0\" itemscope itemtype=\"http:\/\/schema.org\/SportsEvent\"><td class=\"data-date\" itemprop=\"startDate\" content=\"2026-08-23T16:00+02:00\" data-label=\"Date\"><a href=\"http:\/\/victoriazmudz.pl\/wordpress\/event\/12557\/ \"itemprop=\"url\"><date>2026-08-23 16:00:00<\/date>23\/08\/2026<\/a><\/td><td class=\"data-event\" data-label=\"Mecz\"><a href=\"http:\/\/victoriazmudz.pl\/wordpress\/event\/12557\/\"><span class=\"sportix-list-logo\"><img loading=\"lazy\" decoding=\"async\" width=\"32\" height=\"32\" src=\"http:\/\/victoriazmudz.pl\/wordpress\/wp-content\/uploads\/2020\/07\/sparta_rejowiec_logo-32x32.png\" class=\"attachment-sportspress-fit-mini size-sportspress-fit-mini wp-post-image\" alt=\"\" \/><\/span> <span class=\"sportix-list-logo\"><img loading=\"lazy\" decoding=\"async\" width=\"32\" height=\"32\" src=\"http:\/\/victoriazmudz.pl\/wordpress\/wp-content\/uploads\/2020\/07\/Victoria_Zmudz-32x32.jpg\" class=\"attachment-sportspress-fit-mini size-sportspress-fit-mini wp-post-image\" alt=\"\" \/><\/span> Sparta Rejowiec Fabryczny - Victoria \u017bmud\u017a<\/a><\/td><td class=\"data-time ok\" data-label=\"Godzina\/Wynik\"><a href=\"http:\/\/victoriazmudz.pl\/wordpress\/event\/12557\/\" itemprop=\"url\">1 - 1<\/a><\/td><\/tr><tr class=\"sp-row sp-post sp-row-no-1\" itemscope itemtype=\"http:\/\/schema.org\/SportsEvent\"><td class=\"data-date\" itemprop=\"startDate\" content=\"2026-08-23T16:00+02:00\" data-label=\"Date\"><a href=\"http:\/\/victoriazmudz.pl\/wordpress\/event\/12558\/ \"itemprop=\"url\"><date>2026-08-23 16:00:00<\/date>23\/08\/2026<\/a><\/td><td class=\"data-event\" data-label=\"Mecz\"><a href=\"http:\/\/victoriazmudz.pl\/wordpress\/event\/12558\/\"><span class=\"sportix-list-logo\"><img loading=\"lazy\" decoding=\"async\" width=\"32\" height=\"32\" src=\"http:\/\/victoriazmudz.pl\/wordpress\/wp-content\/uploads\/2022\/07\/znicz_siennica-32x32.png\" class=\"attachment-sportspress-fit-mini size-sportspress-fit-mini wp-post-image\" alt=\"\" \/><\/span> <span class=\"sportix-list-logo\"><img loading=\"lazy\" decoding=\"async\" width=\"32\" height=\"32\" src=\"http:\/\/victoriazmudz.pl\/wordpress\/wp-content\/uploads\/2022\/07\/spoldzielca-32x32.jpg\" class=\"attachment-sportspress-fit-mini size-sportspress-fit-mini wp-post-image\" alt=\"\" \/><\/span> Znicz Siennica R\u00f3\u017cana - Sp\u00f3\u0142dzielca Siedliszcze<\/a><\/td><td class=\"data-time \" data-label=\"Godzina\/Wynik\"><a href=\"http:\/\/victoriazmudz.pl\/wordpress\/event\/12558\/\" itemprop=\"url\">5 - 3<\/a><\/td><\/tr><tr class=\"sp-row sp-post alternate sp-row-no-2\" itemscope itemtype=\"http:\/\/schema.org\/SportsEvent\"><td class=\"data-date\" itemprop=\"startDate\" content=\"2026-08-23T16:00+02:00\" data-label=\"Date\"><a href=\"http:\/\/victoriazmudz.pl\/wordpress\/event\/12559\/ \"itemprop=\"url\"><date>2026-08-23 16:00:00<\/date>23\/08\/2026<\/a><\/td><td class=\"data-event\" data-label=\"Mecz\"><a href=\"http:\/\/victoriazmudz.pl\/wordpress\/event\/12559\/\"><span class=\"sportix-list-logo\"><img loading=\"lazy\" decoding=\"async\" width=\"32\" height=\"32\" src=\"http:\/\/victoriazmudz.pl\/wordpress\/wp-content\/uploads\/2023\/07\/tatran-32x32.jpg\" class=\"attachment-sportspress-fit-mini size-sportspress-fit-mini wp-post-image\" alt=\"\" \/><\/span> <span class=\"sportix-list-logo\"><img loading=\"lazy\" decoding=\"async\" width=\"32\" height=\"32\" src=\"http:\/\/victoriazmudz.pl\/wordpress\/wp-content\/uploads\/2023\/07\/pawlow-32x32.jpg\" class=\"attachment-sportspress-fit-mini size-sportspress-fit-mini wp-post-image\" alt=\"\" \/><\/span> Tatran Kra\u015bniczyn - GKS START-REGENT<\/a><\/td><td class=\"data-time \" data-label=\"Godzina\/Wynik\"><a href=\"http:\/\/victoriazmudz.pl\/wordpress\/event\/12559\/\" itemprop=\"url\">2 - 1<\/a><\/td><\/tr><tr class=\"sp-row sp-post sp-row-no-3\" itemscope itemtype=\"http:\/\/schema.org\/SportsEvent\"><td class=\"data-date\" itemprop=\"startDate\" content=\"2026-08-23T16:00+02:00\" data-label=\"Date\"><a href=\"http:\/\/victoriazmudz.pl\/wordpress\/event\/12560\/ \"itemprop=\"url\"><date>2026-08-23 16:00:00<\/date>23\/08\/2026<\/a><\/td><td class=\"data-event\" data-label=\"Mecz\"><a href=\"http:\/\/victoriazmudz.pl\/wordpress\/event\/12560\/\"><span class=\"sportix-list-logo\"><img loading=\"lazy\" decoding=\"async\" width=\"28\" height=\"32\" src=\"http:\/\/victoriazmudz.pl\/wordpress\/wp-content\/uploads\/2021\/08\/herb-rywala-plawanice_21-28x32.jpg\" class=\"attachment-sportspress-fit-mini size-sportspress-fit-mini wp-post-image\" alt=\"\" \/><\/span> <span class=\"sportix-list-logo\"><img loading=\"lazy\" decoding=\"async\" width=\"32\" height=\"32\" src=\"http:\/\/victoriazmudz.pl\/wordpress\/wp-content\/uploads\/2020\/07\/unia_bialopole_logo-32x32.png\" class=\"attachment-sportspress-fit-mini size-sportspress-fit-mini wp-post-image\" alt=\"\" \/><\/span> P\u0142awanice Kamie\u0144 - Unia Bia\u0142opole<\/a><\/td><td class=\"data-time \" data-label=\"Godzina\/Wynik\"><a href=\"http:\/\/victoriazmudz.pl\/wordpress\/event\/12560\/\" itemprop=\"url\">3 - 2<\/a><\/td><\/tr><tr class=\"sp-row sp-post alternate sp-row-no-4\" itemscope itemtype=\"http:\/\/schema.org\/SportsEvent\"><td class=\"data-date\" itemprop=\"startDate\" content=\"2026-08-23T11:00+02:00\" data-label=\"Date\"><a href=\"http:\/\/victoriazmudz.pl\/wordpress\/event\/12556\/ \"itemprop=\"url\"><date>2026-08-23 11:00:00<\/date>23\/08\/2026<\/a><\/td><td class=\"data-event\" data-label=\"Mecz\"><a href=\"http:\/\/victoriazmudz.pl\/wordpress\/event\/12556\/\"><span class=\"sportix-list-logo\"><img loading=\"lazy\" decoding=\"async\" width=\"32\" height=\"32\" src=\"http:\/\/victoriazmudz.pl\/wordpress\/wp-content\/uploads\/2021\/08\/mks-32x32.jpg\" class=\"attachment-sportspress-fit-mini size-sportspress-fit-mini wp-post-image\" alt=\"\" \/><\/span> <span class=\"sportix-list-logo\"><img loading=\"lazy\" decoding=\"async\" width=\"32\" height=\"32\" src=\"http:\/\/victoriazmudz.pl\/wordpress\/wp-content\/uploads\/2021\/08\/astra-32x32.jpg\" class=\"attachment-sportspress-fit-mini size-sportspress-fit-mini wp-post-image\" alt=\"\" \/><\/span> MKS SIEDLISKA - Astra Le\u015bniowice<\/a><\/td><td class=\"data-time \" data-label=\"Godzina\/Wynik\"><a href=\"http:\/\/victoriazmudz.pl\/wordpress\/event\/12556\/\" itemprop=\"url\">2 - 4<\/a><\/td><\/tr><tr class=\"sp-row sp-post sp-row-no-5\" itemscope itemtype=\"http:\/\/schema.org\/SportsEvent\"><td class=\"data-date\" itemprop=\"startDate\" content=\"2026-08-22T10:30+02:00\" data-label=\"Date\"><a href=\"http:\/\/victoriazmudz.pl\/wordpress\/event\/12555\/ \"itemprop=\"url\"><date>2026-08-22 10:30:00<\/date>22\/08\/2026<\/a><\/td><td class=\"data-event\" data-label=\"Mecz\"><a href=\"http:\/\/victoriazmudz.pl\/wordpress\/event\/12555\/\"><span class=\"sportix-list-logo\"><img loading=\"lazy\" decoding=\"async\" width=\"26\" height=\"32\" src=\"http:\/\/victoriazmudz.pl\/wordpress\/wp-content\/uploads\/2021\/08\/sawena-26x32.jpg\" class=\"attachment-sportspress-fit-mini size-sportspress-fit-mini wp-post-image\" alt=\"\" \/><\/span> <span class=\"sportix-list-logo\"><img loading=\"lazy\" decoding=\"async\" width=\"32\" height=\"32\" src=\"http:\/\/victoriazmudz.pl\/wordpress\/wp-content\/uploads\/2020\/08\/izbica-32x32.png\" class=\"attachment-sportspress-fit-mini size-sportspress-fit-mini wp-post-image\" alt=\"\" \/><\/span> Sawena Sawin - Ruch II Izbica<\/a><\/td><td class=\"data-time \" data-label=\"Godzina\/Wynik\"><a href=\"http:\/\/victoriazmudz.pl\/wordpress\/event\/12555\/\" itemprop=\"url\">2 - 0<\/a><\/td><\/tr>\t\t\t<\/tbody>\n\t\t<\/table>\n\t<\/div>\n\t<\/div><\/div><br \/>\n&nbsp;<br \/>\n<a href=\"http:\/\/victoriazmudz.pl\/wordpress\/rozgrywki\/tabela-ligowa\/\">Tabela ligowa<\/a><br \/>\n<a href=\"http:\/\/victoriazmudz.pl\/wordpress\/rozgrywki\/wyniki-i-terminarz\/\">Terminarz rozgrywek<\/a><br \/>\n<a href=\"http:\/\/victoriazmudz.pl\/wordpress\/live\/\">Wyniki na \u017cywo<\/a><\/p>\n","protected":false},"excerpt":{"rendered":"<p>Kadra Victorii \u017bmud\u017a na rund\u0119 jesienn\u0105 sezonu 2026\/2027: Hubert Ko\u0142odziejczyk, Damian Urba\u0144ski, Dawid Urba\u0144ski, Mateusz Seniuk, Artur Iwat, Mi\u0142osz Kusy, Pawe\u0142 Kossowski, Przemys\u0142aw Pieczykolan, Adrian Czajka, Oskar Grobelny, \u0141ukasz Toporowski, Oskar Tates, Jakub Fronc, Tomasz Tabu\u0142a, Marcin Ostaszewski, Jaros\u0142aw Olejniczak, Robert Wagner, Kamil Fronc, Damian Kasprzycki, Ernest Urba\u0144ski, Seweryn Bojczuk, Karol Fronc, Mateusz Czarnota, Marcin&#8230;<\/p>\n","protected":false},"author":1,"featured_media":8364,"comment_status":"open","ping_status":"open","sticky":false,"template":"","format":"standard","meta":{"ngg_post_thumbnail":0,"_jetpack_memberships_contains_paid_content":false,"footnotes":"","jetpack_publicize_message":"","jetpack_publicize_feature_enabled":true,"jetpack_social_post_already_shared":true,"jetpack_social_options":{"image_generator_settings":{"template":"highway","default_image_id":0,"font":"","enabled":false},"version":2}},"categories":[196,268],"tags":[198,115],"class_list":["post-12661","post","type-post","status-publish","format-standard","has-post-thumbnail","hentry","category-a-klasa","category-sezon-2026-2027","tag-a-klasa","tag-victoria-zmudz"],"yoast_head":"<!-- This site is optimized with the Yoast SEO plugin v27.3 - https:\/\/yoast.com\/product\/yoast-seo-wordpress\/ -->\n<title>Przed rozpocz\u0119ciem rundy jesiennej sezonu 2026\/2027 - Victoria \u017bmud\u017a<\/title>\n<meta name=\"robots\" content=\"index, follow, max-snippet:-1, max-image-preview:large, max-video-preview:-1\" \/>\n<link rel=\"canonical\" href=\"http:\/\/victoriazmudz.pl\/wordpress\/2026\/08\/22\/przed-rozpoczeciem-rundy-jesiennej-sezonu-2026-2027\/\" \/>\n<meta property=\"og:locale\" content=\"pl_PL\" \/>\n<meta property=\"og:type\" content=\"article\" \/>\n<meta property=\"og:title\" content=\"Przed rozpocz\u0119ciem rundy jesiennej sezonu 2026\/2027 - Victoria \u017bmud\u017a\" \/>\n<meta property=\"og:description\" content=\"Kadra Victorii \u017bmud\u017a na rund\u0119 jesienn\u0105 sezonu 2026\/2027: Hubert Ko\u0142odziejczyk, Damian Urba\u0144ski, Dawid Urba\u0144ski, Mateusz Seniuk, Artur Iwat, Mi\u0142osz Kusy, Pawe\u0142 Kossowski, Przemys\u0142aw Pieczykolan, Adrian Czajka, Oskar Grobelny, \u0141ukasz Toporowski, Oskar Tates, Jakub Fronc, Tomasz Tabu\u0142a, Marcin Ostaszewski, Jaros\u0142aw Olejniczak, Robert Wagner, Kamil Fronc, Damian Kasprzycki, Ernest Urba\u0144ski, Seweryn Bojczuk, Karol Fronc, Mateusz Czarnota, Marcin...\" \/>\n<meta property=\"og:url\" content=\"http:\/\/victoriazmudz.pl\/wordpress\/2026\/08\/22\/przed-rozpoczeciem-rundy-jesiennej-sezonu-2026-2027\/\" \/>\n<meta property=\"og:site_name\" content=\"Victoria \u017bmud\u017a\" \/>\n<meta property=\"article:publisher\" content=\"https:\/\/pl-pl.facebook.com\/pages\/category\/Amateur-Sports-Team\/Ks-Victoria-%c5%bbmud%c5%ba-464132730352427\/\" \/>\n<meta property=\"article:published_time\" content=\"2026-08-22T20:23:17+00:00\" \/>\n<meta property=\"og:image\" content=\"http:\/\/victoriazmudz.pl\/wordpress\/wp-content\/uploads\/2023\/06\/351363913_965750704457404_4433727089493443914_n.jpg\" \/>\n\t<meta property=\"og:image:width\" content=\"960\" \/>\n\t<meta property=\"og:image:height\" content=\"720\" \/>\n\t<meta property=\"og:image:type\" content=\"image\/jpeg\" \/>\n<meta name=\"author\" content=\"Pawe\u0142 Mazur\" \/>\n<meta name=\"twitter:card\" content=\"summary_large_image\" \/>\n<meta name=\"twitter:creator\" content=\"@VictoriaZmudz\" \/>\n<meta name=\"twitter:site\" content=\"@VictoriaZmudz\" \/>\n<meta name=\"twitter:label1\" content=\"Napisane przez\" \/>\n\t<meta name=\"twitter:data1\" content=\"Pawe\u0142 Mazur\" \/>\n\t<meta name=\"twitter:label2\" content=\"Szacowany czas czytania\" \/>\n\t<meta name=\"twitter:data2\" content=\"2 minuty\" \/>\n<script type=\"application\/ld+json\" class=\"yoast-schema-graph\">{\"@context\":\"https:\\\/\\\/schema.org\",\"@graph\":[{\"@type\":\"Article\",\"@id\":\"http:\\\/\\\/victoriazmudz.pl\\\/wordpress\\\/2026\\\/08\\\/22\\\/przed-rozpoczeciem-rundy-jesiennej-sezonu-2026-2027\\\/#article\",\"isPartOf\":{\"@id\":\"http:\\\/\\\/victoriazmudz.pl\\\/wordpress\\\/2026\\\/08\\\/22\\\/przed-rozpoczeciem-rundy-jesiennej-sezonu-2026-2027\\\/\"},\"author\":{\"name\":\"Pawe\u0142 Mazur\",\"@id\":\"http:\\\/\\\/victoriazmudz.pl\\\/wordpress\\\/#\\\/schema\\\/person\\\/8fd5b2755f2045ef668c4124c6615ca3\"},\"headline\":\"Przed rozpocz\u0119ciem rundy jesiennej sezonu 2026\\\/2027\",\"datePublished\":\"2026-08-22T20:23:17+00:00\",\"mainEntityOfPage\":{\"@id\":\"http:\\\/\\\/victoriazmudz.pl\\\/wordpress\\\/2026\\\/08\\\/22\\\/przed-rozpoczeciem-rundy-jesiennej-sezonu-2026-2027\\\/\"},\"wordCount\":200,\"commentCount\":0,\"publisher\":{\"@id\":\"http:\\\/\\\/victoriazmudz.pl\\\/wordpress\\\/#organization\"},\"image\":{\"@id\":\"http:\\\/\\\/victoriazmudz.pl\\\/wordpress\\\/2026\\\/08\\\/22\\\/przed-rozpoczeciem-rundy-jesiennej-sezonu-2026-2027\\\/#primaryimage\"},\"thumbnailUrl\":\"http:\\\/\\\/victoriazmudz.pl\\\/wordpress\\\/wp-content\\\/uploads\\\/2023\\\/06\\\/351363913_965750704457404_4433727089493443914_n.jpg\",\"keywords\":[\"A klasa\",\"Victoria \u017bmud\u017a\"],\"articleSection\":[\"A klasa\",\"sezon 2026\\\/2027\"],\"inLanguage\":\"pl-PL\",\"potentialAction\":[{\"@type\":\"CommentAction\",\"name\":\"Comment\",\"target\":[\"http:\\\/\\\/victoriazmudz.pl\\\/wordpress\\\/2026\\\/08\\\/22\\\/przed-rozpoczeciem-rundy-jesiennej-sezonu-2026-2027\\\/#respond\"]}]},{\"@type\":\"WebPage\",\"@id\":\"http:\\\/\\\/victoriazmudz.pl\\\/wordpress\\\/2026\\\/08\\\/22\\\/przed-rozpoczeciem-rundy-jesiennej-sezonu-2026-2027\\\/\",\"url\":\"http:\\\/\\\/victoriazmudz.pl\\\/wordpress\\\/2026\\\/08\\\/22\\\/przed-rozpoczeciem-rundy-jesiennej-sezonu-2026-2027\\\/\",\"name\":\"Przed rozpocz\u0119ciem rundy jesiennej sezonu 2026\\\/2027 - Victoria \u017bmud\u017a\",\"isPartOf\":{\"@id\":\"http:\\\/\\\/victoriazmudz.pl\\\/wordpress\\\/#website\"},\"primaryImageOfPage\":{\"@id\":\"http:\\\/\\\/victoriazmudz.pl\\\/wordpress\\\/2026\\\/08\\\/22\\\/przed-rozpoczeciem-rundy-jesiennej-sezonu-2026-2027\\\/#primaryimage\"},\"image\":{\"@id\":\"http:\\\/\\\/victoriazmudz.pl\\\/wordpress\\\/2026\\\/08\\\/22\\\/przed-rozpoczeciem-rundy-jesiennej-sezonu-2026-2027\\\/#primaryimage\"},\"thumbnailUrl\":\"http:\\\/\\\/victoriazmudz.pl\\\/wordpress\\\/wp-content\\\/uploads\\\/2023\\\/06\\\/351363913_965750704457404_4433727089493443914_n.jpg\",\"datePublished\":\"2026-08-22T20:23:17+00:00\",\"breadcrumb\":{\"@id\":\"http:\\\/\\\/victoriazmudz.pl\\\/wordpress\\\/2026\\\/08\\\/22\\\/przed-rozpoczeciem-rundy-jesiennej-sezonu-2026-2027\\\/#breadcrumb\"},\"inLanguage\":\"pl-PL\",\"potentialAction\":[{\"@type\":\"ReadAction\",\"target\":[\"http:\\\/\\\/victoriazmudz.pl\\\/wordpress\\\/2026\\\/08\\\/22\\\/przed-rozpoczeciem-rundy-jesiennej-sezonu-2026-2027\\\/\"]}]},{\"@type\":\"ImageObject\",\"inLanguage\":\"pl-PL\",\"@id\":\"http:\\\/\\\/victoriazmudz.pl\\\/wordpress\\\/2026\\\/08\\\/22\\\/przed-rozpoczeciem-rundy-jesiennej-sezonu-2026-2027\\\/#primaryimage\",\"url\":\"http:\\\/\\\/victoriazmudz.pl\\\/wordpress\\\/wp-content\\\/uploads\\\/2023\\\/06\\\/351363913_965750704457404_4433727089493443914_n.jpg\",\"contentUrl\":\"http:\\\/\\\/victoriazmudz.pl\\\/wordpress\\\/wp-content\\\/uploads\\\/2023\\\/06\\\/351363913_965750704457404_4433727089493443914_n.jpg\",\"width\":960,\"height\":720},{\"@type\":\"BreadcrumbList\",\"@id\":\"http:\\\/\\\/victoriazmudz.pl\\\/wordpress\\\/2026\\\/08\\\/22\\\/przed-rozpoczeciem-rundy-jesiennej-sezonu-2026-2027\\\/#breadcrumb\",\"itemListElement\":[{\"@type\":\"ListItem\",\"position\":1,\"name\":\"Strona g\u0142\u00f3wna\",\"item\":\"http:\\\/\\\/victoriazmudz.pl\\\/wordpress\\\/\"},{\"@type\":\"ListItem\",\"position\":2,\"name\":\"Przed rozpocz\u0119ciem rundy jesiennej sezonu 2026\\\/2027\"}]},{\"@type\":\"WebSite\",\"@id\":\"http:\\\/\\\/victoriazmudz.pl\\\/wordpress\\\/#website\",\"url\":\"http:\\\/\\\/victoriazmudz.pl\\\/wordpress\\\/\",\"name\":\"Victoria \u017bmud\u017a\",\"description\":\"Strona klubowa Victorii \u017bmud\u017a\",\"publisher\":{\"@id\":\"http:\\\/\\\/victoriazmudz.pl\\\/wordpress\\\/#organization\"},\"potentialAction\":[{\"@type\":\"SearchAction\",\"target\":{\"@type\":\"EntryPoint\",\"urlTemplate\":\"http:\\\/\\\/victoriazmudz.pl\\\/wordpress\\\/?s={search_term_string}\"},\"query-input\":{\"@type\":\"PropertyValueSpecification\",\"valueRequired\":true,\"valueName\":\"search_term_string\"}}],\"inLanguage\":\"pl-PL\"},{\"@type\":\"Organization\",\"@id\":\"http:\\\/\\\/victoriazmudz.pl\\\/wordpress\\\/#organization\",\"name\":\"Victoria \u017bmud\u017a\",\"url\":\"http:\\\/\\\/victoriazmudz.pl\\\/wordpress\\\/\",\"logo\":{\"@type\":\"ImageObject\",\"inLanguage\":\"pl-PL\",\"@id\":\"http:\\\/\\\/victoriazmudz.pl\\\/wordpress\\\/#\\\/schema\\\/logo\\\/image\\\/\",\"url\":\"http:\\\/\\\/victoriazmudz.pl\\\/wordpress\\\/wp-content\\\/uploads\\\/2020\\\/07\\\/logo_mini.png\",\"contentUrl\":\"http:\\\/\\\/victoriazmudz.pl\\\/wordpress\\\/wp-content\\\/uploads\\\/2020\\\/07\\\/logo_mini.png\",\"width\":139,\"height\":181,\"caption\":\"Victoria \u017bmud\u017a\"},\"image\":{\"@id\":\"http:\\\/\\\/victoriazmudz.pl\\\/wordpress\\\/#\\\/schema\\\/logo\\\/image\\\/\"},\"sameAs\":[\"https:\\\/\\\/pl-pl.facebook.com\\\/pages\\\/category\\\/Amateur-Sports-Team\\\/Ks-Victoria-\u017bmud\u017a-464132730352427\\\/\",\"https:\\\/\\\/x.com\\\/VictoriaZmudz\"]},{\"@type\":\"Person\",\"@id\":\"http:\\\/\\\/victoriazmudz.pl\\\/wordpress\\\/#\\\/schema\\\/person\\\/8fd5b2755f2045ef668c4124c6615ca3\",\"name\":\"Pawe\u0142 Mazur\",\"image\":{\"@type\":\"ImageObject\",\"inLanguage\":\"pl-PL\",\"@id\":\"https:\\\/\\\/secure.gravatar.com\\\/avatar\\\/bdffa9f55c6323321630004f0d4a47e5ecff9d524bf4f3d318f33a376b3c890e?s=96&d=mm&r=g\",\"url\":\"https:\\\/\\\/secure.gravatar.com\\\/avatar\\\/bdffa9f55c6323321630004f0d4a47e5ecff9d524bf4f3d318f33a376b3c890e?s=96&d=mm&r=g\",\"contentUrl\":\"https:\\\/\\\/secure.gravatar.com\\\/avatar\\\/bdffa9f55c6323321630004f0d4a47e5ecff9d524bf4f3d318f33a376b3c890e?s=96&d=mm&r=g\",\"caption\":\"Pawe\u0142 Mazur\"},\"sameAs\":[\"http:\"],\"url\":\"http:\\\/\\\/victoriazmudz.pl\\\/wordpress\\\/author\\\/pabloo99\\\/\"}]}<\/script>\n<!-- \/ Yoast SEO plugin. -->","yoast_head_json":{"title":"Przed rozpocz\u0119ciem rundy jesiennej sezonu 2026\/2027 - Victoria \u017bmud\u017a","robots":{"index":"index","follow":"follow","max-snippet":"max-snippet:-1","max-image-preview":"max-image-preview:large","max-video-preview":"max-video-preview:-1"},"canonical":"http:\/\/victoriazmudz.pl\/wordpress\/2026\/08\/22\/przed-rozpoczeciem-rundy-jesiennej-sezonu-2026-2027\/","og_locale":"pl_PL","og_type":"article","og_title":"Przed rozpocz\u0119ciem rundy jesiennej sezonu 2026\/2027 - Victoria \u017bmud\u017a","og_description":"Kadra Victorii \u017bmud\u017a na rund\u0119 jesienn\u0105 sezonu 2026\/2027: Hubert Ko\u0142odziejczyk, Damian Urba\u0144ski, Dawid Urba\u0144ski, Mateusz Seniuk, Artur Iwat, Mi\u0142osz Kusy, Pawe\u0142 Kossowski, Przemys\u0142aw Pieczykolan, Adrian Czajka, Oskar Grobelny, \u0141ukasz Toporowski, Oskar Tates, Jakub Fronc, Tomasz Tabu\u0142a, Marcin Ostaszewski, Jaros\u0142aw Olejniczak, Robert Wagner, Kamil Fronc, Damian Kasprzycki, Ernest Urba\u0144ski, Seweryn Bojczuk, Karol Fronc, Mateusz Czarnota, Marcin...","og_url":"http:\/\/victoriazmudz.pl\/wordpress\/2026\/08\/22\/przed-rozpoczeciem-rundy-jesiennej-sezonu-2026-2027\/","og_site_name":"Victoria \u017bmud\u017a","article_publisher":"https:\/\/pl-pl.facebook.com\/pages\/category\/Amateur-Sports-Team\/Ks-Victoria-%c5%bbmud%c5%ba-464132730352427\/","article_published_time":"2026-08-22T20:23:17+00:00","og_image":[{"width":960,"height":720,"url":"http:\/\/victoriazmudz.pl\/wordpress\/wp-content\/uploads\/2023\/06\/351363913_965750704457404_4433727089493443914_n.jpg","type":"image\/jpeg"}],"author":"Pawe\u0142 Mazur","twitter_card":"summary_large_image","twitter_creator":"@VictoriaZmudz","twitter_site":"@VictoriaZmudz","twitter_misc":{"Napisane przez":"Pawe\u0142 Mazur","Szacowany czas czytania":"2 minuty"},"schema":{"@context":"https:\/\/schema.org","@graph":[{"@type":"Article","@id":"http:\/\/victoriazmudz.pl\/wordpress\/2026\/08\/22\/przed-rozpoczeciem-rundy-jesiennej-sezonu-2026-2027\/#article","isPartOf":{"@id":"http:\/\/victoriazmudz.pl\/wordpress\/2026\/08\/22\/przed-rozpoczeciem-rundy-jesiennej-sezonu-2026-2027\/"},"author":{"name":"Pawe\u0142 Mazur","@id":"http:\/\/victoriazmudz.pl\/wordpress\/#\/schema\/person\/8fd5b2755f2045ef668c4124c6615ca3"},"headline":"Przed rozpocz\u0119ciem rundy jesiennej sezonu 2026\/2027","datePublished":"2026-08-22T20:23:17+00:00","mainEntityOfPage":{"@id":"http:\/\/victoriazmudz.pl\/wordpress\/2026\/08\/22\/przed-rozpoczeciem-rundy-jesiennej-sezonu-2026-2027\/"},"wordCount":200,"commentCount":0,"publisher":{"@id":"http:\/\/victoriazmudz.pl\/wordpress\/#organization"},"image":{"@id":"http:\/\/victoriazmudz.pl\/wordpress\/2026\/08\/22\/przed-rozpoczeciem-rundy-jesiennej-sezonu-2026-2027\/#primaryimage"},"thumbnailUrl":"http:\/\/victoriazmudz.pl\/wordpress\/wp-content\/uploads\/2023\/06\/351363913_965750704457404_4433727089493443914_n.jpg","keywords":["A klasa","Victoria \u017bmud\u017a"],"articleSection":["A klasa","sezon 2026\/2027"],"inLanguage":"pl-PL","potentialAction":[{"@type":"CommentAction","name":"Comment","target":["http:\/\/victoriazmudz.pl\/wordpress\/2026\/08\/22\/przed-rozpoczeciem-rundy-jesiennej-sezonu-2026-2027\/#respond"]}]},{"@type":"WebPage","@id":"http:\/\/victoriazmudz.pl\/wordpress\/2026\/08\/22\/przed-rozpoczeciem-rundy-jesiennej-sezonu-2026-2027\/","url":"http:\/\/victoriazmudz.pl\/wordpress\/2026\/08\/22\/przed-rozpoczeciem-rundy-jesiennej-sezonu-2026-2027\/","name":"Przed rozpocz\u0119ciem rundy jesiennej sezonu 2026\/2027 - Victoria \u017bmud\u017a","isPartOf":{"@id":"http:\/\/victoriazmudz.pl\/wordpress\/#website"},"primaryImageOfPage":{"@id":"http:\/\/victoriazmudz.pl\/wordpress\/2026\/08\/22\/przed-rozpoczeciem-rundy-jesiennej-sezonu-2026-2027\/#primaryimage"},"image":{"@id":"http:\/\/victoriazmudz.pl\/wordpress\/2026\/08\/22\/przed-rozpoczeciem-rundy-jesiennej-sezonu-2026-2027\/#primaryimage"},"thumbnailUrl":"http:\/\/victoriazmudz.pl\/wordpress\/wp-content\/uploads\/2023\/06\/351363913_965750704457404_4433727089493443914_n.jpg","datePublished":"2026-08-22T20:23:17+00:00","breadcrumb":{"@id":"http:\/\/victoriazmudz.pl\/wordpress\/2026\/08\/22\/przed-rozpoczeciem-rundy-jesiennej-sezonu-2026-2027\/#breadcrumb"},"inLanguage":"pl-PL","potentialAction":[{"@type":"ReadAction","target":["http:\/\/victoriazmudz.pl\/wordpress\/2026\/08\/22\/przed-rozpoczeciem-rundy-jesiennej-sezonu-2026-2027\/"]}]},{"@type":"ImageObject","inLanguage":"pl-PL","@id":"http:\/\/victoriazmudz.pl\/wordpress\/2026\/08\/22\/przed-rozpoczeciem-rundy-jesiennej-sezonu-2026-2027\/#primaryimage","url":"http:\/\/victoriazmudz.pl\/wordpress\/wp-content\/uploads\/2023\/06\/351363913_965750704457404_4433727089493443914_n.jpg","contentUrl":"http:\/\/victoriazmudz.pl\/wordpress\/wp-content\/uploads\/2023\/06\/351363913_965750704457404_4433727089493443914_n.jpg","width":960,"height":720},{"@type":"BreadcrumbList","@id":"http:\/\/victoriazmudz.pl\/wordpress\/2026\/08\/22\/przed-rozpoczeciem-rundy-jesiennej-sezonu-2026-2027\/#breadcrumb","itemListElement":[{"@type":"ListItem","position":1,"name":"Strona g\u0142\u00f3wna","item":"http:\/\/victoriazmudz.pl\/wordpress\/"},{"@type":"ListItem","position":2,"name":"Przed rozpocz\u0119ciem rundy jesiennej sezonu 2026\/2027"}]},{"@type":"WebSite","@id":"http:\/\/victoriazmudz.pl\/wordpress\/#website","url":"http:\/\/victoriazmudz.pl\/wordpress\/","name":"Victoria \u017bmud\u017a","description":"Strona klubowa Victorii \u017bmud\u017a","publisher":{"@id":"http:\/\/victoriazmudz.pl\/wordpress\/#organization"},"potentialAction":[{"@type":"SearchAction","target":{"@type":"EntryPoint","urlTemplate":"http:\/\/victoriazmudz.pl\/wordpress\/?s={search_term_string}"},"query-input":{"@type":"PropertyValueSpecification","valueRequired":true,"valueName":"search_term_string"}}],"inLanguage":"pl-PL"},{"@type":"Organization","@id":"http:\/\/victoriazmudz.pl\/wordpress\/#organization","name":"Victoria \u017bmud\u017a","url":"http:\/\/victoriazmudz.pl\/wordpress\/","logo":{"@type":"ImageObject","inLanguage":"pl-PL","@id":"http:\/\/victoriazmudz.pl\/wordpress\/#\/schema\/logo\/image\/","url":"http:\/\/victoriazmudz.pl\/wordpress\/wp-content\/uploads\/2020\/07\/logo_mini.png","contentUrl":"http:\/\/victoriazmudz.pl\/wordpress\/wp-content\/uploads\/2020\/07\/logo_mini.png","width":139,"height":181,"caption":"Victoria \u017bmud\u017a"},"image":{"@id":"http:\/\/victoriazmudz.pl\/wordpress\/#\/schema\/logo\/image\/"},"sameAs":["https:\/\/pl-pl.facebook.com\/pages\/category\/Amateur-Sports-Team\/Ks-Victoria-\u017bmud\u017a-464132730352427\/","https:\/\/x.com\/VictoriaZmudz"]},{"@type":"Person","@id":"http:\/\/victoriazmudz.pl\/wordpress\/#\/schema\/person\/8fd5b2755f2045ef668c4124c6615ca3","name":"Pawe\u0142 Mazur","image":{"@type":"ImageObject","inLanguage":"pl-PL","@id":"https:\/\/secure.gravatar.com\/avatar\/bdffa9f55c6323321630004f0d4a47e5ecff9d524bf4f3d318f33a376b3c890e?s=96&d=mm&r=g","url":"https:\/\/secure.gravatar.com\/avatar\/bdffa9f55c6323321630004f0d4a47e5ecff9d524bf4f3d318f33a376b3c890e?s=96&d=mm&r=g","contentUrl":"https:\/\/secure.gravatar.com\/avatar\/bdffa9f55c6323321630004f0d4a47e5ecff9d524bf4f3d318f33a376b3c890e?s=96&d=mm&r=g","caption":"Pawe\u0142 Mazur"},"sameAs":["http:"],"url":"http:\/\/victoriazmudz.pl\/wordpress\/author\/pabloo99\/"}]}},"jetpack_publicize_connections":[],"jetpack_featured_media_url":"http:\/\/victoriazmudz.pl\/wordpress\/wp-content\/uploads\/2023\/06\/351363913_965750704457404_4433727089493443914_n.jpg","jetpack_sharing_enabled":true,"_links":{"self":[{"href":"http:\/\/victoriazmudz.pl\/wordpress\/wp-json\/wp\/v2\/posts\/12661","targetHints":{"allow":["GET"]}}],"collection":[{"href":"http:\/\/victoriazmudz.pl\/wordpress\/wp-json\/wp\/v2\/posts"}],"about":[{"href":"http:\/\/victoriazmudz.pl\/wordpress\/wp-json\/wp\/v2\/types\/post"}],"author":[{"embeddable":true,"href":"http:\/\/victoriazmudz.pl\/wordpress\/wp-json\/wp\/v2\/users\/1"}],"replies":[{"embeddable":true,"href":"http:\/\/victoriazmudz.pl\/wordpress\/wp-json\/wp\/v2\/comments?post=12661"}],"version-history":[{"count":6,"href":"http:\/\/victoriazmudz.pl\/wordpress\/wp-json\/wp\/v2\/posts\/12661\/revisions"}],"predecessor-version":[{"id":12668,"href":"http:\/\/victoriazmudz.pl\/wordpress\/wp-json\/wp\/v2\/posts\/12661\/revisions\/12668"}],"wp:featuredmedia":[{"embeddable":true,"href":"http:\/\/victoriazmudz.pl\/wordpress\/wp-json\/wp\/v2\/media\/8364"}],"wp:attachment":[{"href":"http:\/\/victoriazmudz.pl\/wordpress\/wp-json\/wp\/v2\/media?parent=12661"}],"wp:term":[{"taxonomy":"category","embeddable":true,"href":"http:\/\/victoriazmudz.pl\/wordpress\/wp-json\/wp\/v2\/categories?post=12661"},{"taxonomy":"post_tag","embeddable":true,"href":"http:\/\/victoriazmudz.pl\/wordpress\/wp-json\/wp\/v2\/tags?post=12661"}],"curies":[{"name":"wp","href":"https:\/\/api.w.org\/{rel}","templated":true}]}}