{"id":12257,"date":"2026-04-27T21:51:58","date_gmt":"2026-04-27T19:51:58","guid":{"rendered":"http:\/\/victoriazmudz.pl\/wordpress\/?p=12257"},"modified":"2026-04-27T22:13:04","modified_gmt":"2026-04-27T20:13:04","slug":"mks-siedliska-victoria-0-3","status":"publish","type":"post","link":"http:\/\/victoriazmudz.pl\/wordpress\/2026\/04\/27\/mks-siedliska-victoria-0-3\/","title":{"rendered":"MKS Siedliska &#8211; Victoria \u017bmud\u017a 0:3"},"content":{"rendered":"<p><strong>MKS <\/strong><strong>Siedliska &#8211; Victoria \u017bmud\u017a 0:3 (0:1)<\/strong><\/p>\n<p><strong>Bramki<\/strong>: Damian Kasprzycki 44&#8242;, <a href=\"https:\/\/www.facebook.com\/share\/v\/1DoG6RQakG\/\">Pawe\u0142 Kossowski 47&#8242; (rzut karny)<\/a>, <a href=\"https:\/\/www.facebook.com\/share\/v\/1AzKmjHrbm\/\">Jakub Fronc 76&#8242;<\/a>.<\/p>\n<p><strong>MKS Siedliska:<\/strong> Jurek &#8211; Sawicki, S\u0142oniec (50&#8242; Gdula), Leszczy\u0144ski (65&#8242; Daniel Wi\u015bniewski), \u0141ukasz Wi\u015bniewski, Iwa\u0144czuk, Augustyniak (75&#8242; Jacek W\u00f3jcik), Sapu\u0142a, Kowalik, Kania, Piotr W\u00f3jcik.<br \/>\ntrener: Jerzy Puczkowski<\/p>\n<p><strong>Victoria:<\/strong> Perdun &#8211; Wawryszczuk, Olejniczak, Kasprzycki, Toporowski (46&#8242; Buczkowski), Tabu\u0142a (60&#8242; Sekrecki), Jakub Fronc, Ostaszewski, Pieczykolan (80&#8242; Tates), Czajka (70&#8242; Kamil Fronc), Kossowski.<br \/>\ntrener: Piotr Moli\u0144ski<\/p>\n<p><span id=\"referees\"><strong>S\u0119dziowali:<\/strong> Dawid Ragan oraz Stanis\u0142aw Urbankiewicz, Krzysztof Ragan.<br \/>\n&nbsp;<\/span><br \/>\n<strong>Wyniki 15 kolejki:<br \/>\n<\/strong><div class=\"sportspress sp-widget-align-none\"><div class=\"sp-template sp-template-event-list\">\n\t\t<div class=\"sp-table-wrapper\">\n\t\t<table class=\"sportix-responsive-table sp-event-list sp-event-list-format-title sp-data-table sp-paginated-table sp-sortable-table sp-scrollable-table\" data-sp-rows=\"7\">\n\t\t\t<thead>\n\t\t\t\t<tr>\n\t\t\t\t\t<th class=\"data-date\">Data<\/th><th class=\"data-event\">Mecz<\/th><th class=\"data-time\">Wynik<\/th>\t\t\t\t<\/tr>\n\t\t\t<\/thead>\n\t\t\t<tbody>\n\t\t\t\t<tr class=\"sp-row sp-post alternate sp-row-no-0\" itemscope itemtype=\"http:\/\/schema.org\/SportsEvent\"><td class=\"data-date\" itemprop=\"startDate\" content=\"2026-04-26T17:00+02:00\" data-label=\"Date\"><a href=\"http:\/\/victoriazmudz.pl\/wordpress\/event\/12040\/ \"itemprop=\"url\"><date>2026-04-26 17:00:00<\/date>26\/04\/2026<\/a><\/td><td class=\"data-event\" data-label=\"Mecz\"><a href=\"http:\/\/victoriazmudz.pl\/wordpress\/event\/12040\/\"><span class=\"sportix-list-logo\"><img loading=\"lazy\" decoding=\"async\" width=\"32\" height=\"32\" src=\"http:\/\/victoriazmudz.pl\/wordpress\/wp-content\/uploads\/2021\/08\/astra-32x32.jpg\" class=\"attachment-sportspress-fit-mini size-sportspress-fit-mini wp-post-image\" alt=\"\" \/><\/span> <span class=\"sportix-list-logo\"><img loading=\"lazy\" decoding=\"async\" width=\"32\" height=\"32\" src=\"http:\/\/victoriazmudz.pl\/wordpress\/wp-content\/uploads\/2022\/07\/spoldzielca-32x32.jpg\" class=\"attachment-sportspress-fit-mini size-sportspress-fit-mini wp-post-image\" alt=\"\" \/><\/span> Astra II Le\u015bniowice - Sp\u00f3\u0142dzielca Siedliszcze<\/a><\/td><td class=\"data-time \" data-label=\"Godzina\/Wynik\"><a href=\"http:\/\/victoriazmudz.pl\/wordpress\/event\/12040\/\" itemprop=\"url\">1 - 2<\/a><\/td><\/tr><tr class=\"sp-row sp-post sp-row-no-1\" itemscope itemtype=\"http:\/\/schema.org\/SportsEvent\"><td class=\"data-date\" itemprop=\"startDate\" content=\"2026-04-26T17:00+02:00\" data-label=\"Date\"><a href=\"http:\/\/victoriazmudz.pl\/wordpress\/event\/12041\/ \"itemprop=\"url\"><date>2026-04-26 17:00:00<\/date>26\/04\/2026<\/a><\/td><td class=\"data-event\" data-label=\"Mecz\"><a href=\"http:\/\/victoriazmudz.pl\/wordpress\/event\/12041\/\"><span class=\"sportix-list-logo\"><img loading=\"lazy\" decoding=\"async\" width=\"32\" height=\"32\" src=\"http:\/\/victoriazmudz.pl\/wordpress\/wp-content\/uploads\/2022\/07\/znicz_siennica-32x32.png\" class=\"attachment-sportspress-fit-mini size-sportspress-fit-mini wp-post-image\" alt=\"\" \/><\/span> <span class=\"sportix-list-logo\"><img loading=\"lazy\" decoding=\"async\" width=\"32\" height=\"32\" src=\"http:\/\/victoriazmudz.pl\/wordpress\/wp-content\/uploads\/2020\/08\/orzel-32x32.png\" class=\"attachment-sportspress-fit-mini size-sportspress-fit-mini wp-post-image\" alt=\"\" \/><\/span> Znicz Siennica R\u00f3\u017cana - Orze\u0142 Srebrzyszcze<\/a><\/td><td class=\"data-time \" data-label=\"Godzina\/Wynik\"><a href=\"http:\/\/victoriazmudz.pl\/wordpress\/event\/12041\/\" itemprop=\"url\">2 - 2<\/a><\/td><\/tr><tr class=\"sp-row sp-post alternate sp-row-no-2\" itemscope itemtype=\"http:\/\/schema.org\/SportsEvent\"><td class=\"data-date\" itemprop=\"startDate\" content=\"2026-04-26T17:00+02:00\" data-label=\"Date\"><a href=\"http:\/\/victoriazmudz.pl\/wordpress\/event\/12042\/ \"itemprop=\"url\"><date>2026-04-26 17:00:00<\/date>26\/04\/2026<\/a><\/td><td class=\"data-event\" data-label=\"Mecz\"><a href=\"http:\/\/victoriazmudz.pl\/wordpress\/event\/12042\/\"><span class=\"sportix-list-logo\"><img loading=\"lazy\" decoding=\"async\" width=\"32\" height=\"32\" src=\"http:\/\/victoriazmudz.pl\/wordpress\/wp-content\/uploads\/2020\/08\/granica-32x32.jpg\" class=\"attachment-sportspress-fit-mini size-sportspress-fit-mini wp-post-image\" alt=\"\" \/><\/span> <span class=\"sportix-list-logo\"><img loading=\"lazy\" decoding=\"async\" width=\"32\" height=\"32\" src=\"http:\/\/victoriazmudz.pl\/wordpress\/wp-content\/uploads\/2023\/07\/dubeczno-32x32.jpg\" class=\"attachment-sportspress-fit-mini size-sportspress-fit-mini wp-post-image\" alt=\"\" \/><\/span> Granica Dorohusk - Hutnik Dubeczno<\/a><\/td><td class=\"data-time \" data-label=\"Godzina\/Wynik\"><a href=\"http:\/\/victoriazmudz.pl\/wordpress\/event\/12042\/\" itemprop=\"url\">3 - 1<\/a><\/td><\/tr><tr class=\"sp-row sp-post sp-row-no-3\" itemscope itemtype=\"http:\/\/schema.org\/SportsEvent\"><td class=\"data-date\" itemprop=\"startDate\" content=\"2026-04-26T17:00+02:00\" data-label=\"Date\"><a href=\"http:\/\/victoriazmudz.pl\/wordpress\/event\/12043\/ \"itemprop=\"url\"><date>2026-04-26 17:00:00<\/date>26\/04\/2026<\/a><\/td><td class=\"data-event\" data-label=\"Mecz\"><a href=\"http:\/\/victoriazmudz.pl\/wordpress\/event\/12043\/\"><span class=\"sportix-list-logo\"><img loading=\"lazy\" decoding=\"async\" width=\"32\" height=\"32\" src=\"http:\/\/victoriazmudz.pl\/wordpress\/wp-content\/uploads\/2023\/07\/pawlow-32x32.jpg\" class=\"attachment-sportspress-fit-mini size-sportspress-fit-mini wp-post-image\" alt=\"\" \/><\/span> <span class=\"sportix-list-logo\"><img loading=\"lazy\" decoding=\"async\" width=\"32\" height=\"32\" src=\"http:\/\/victoriazmudz.pl\/wordpress\/wp-content\/uploads\/2020\/08\/izbica-32x32.png\" class=\"attachment-sportspress-fit-mini size-sportspress-fit-mini wp-post-image\" alt=\"\" \/><\/span> Start Paw\u0142\u00f3w - Ruch II Izbica<\/a><\/td><td class=\"data-time \" data-label=\"Godzina\/Wynik\"><a href=\"http:\/\/victoriazmudz.pl\/wordpress\/event\/12043\/\" itemprop=\"url\">5 - 0<\/a><\/td><\/tr><tr class=\"sp-row sp-post alternate sp-row-no-4\" itemscope itemtype=\"http:\/\/schema.org\/SportsEvent\"><td class=\"data-date\" itemprop=\"startDate\" content=\"2026-04-26T17:00+02:00\" data-label=\"Date\"><a href=\"http:\/\/victoriazmudz.pl\/wordpress\/event\/12044\/ \"itemprop=\"url\"><date>2026-04-26 17:00:00<\/date>26\/04\/2026<\/a><\/td><td class=\"data-event\" data-label=\"Mecz\"><a href=\"http:\/\/victoriazmudz.pl\/wordpress\/event\/12044\/\"><span class=\"sportix-list-logo\"><img loading=\"lazy\" decoding=\"async\" width=\"32\" height=\"32\" src=\"http:\/\/victoriazmudz.pl\/wordpress\/wp-content\/uploads\/2020\/07\/unia_bialopole_logo-32x32.png\" class=\"attachment-sportspress-fit-mini size-sportspress-fit-mini wp-post-image\" alt=\"\" \/><\/span> <span class=\"sportix-list-logo\"><img loading=\"lazy\" decoding=\"async\" width=\"32\" height=\"32\" src=\"http:\/\/victoriazmudz.pl\/wordpress\/wp-content\/uploads\/2023\/07\/tatran-32x32.jpg\" class=\"attachment-sportspress-fit-mini size-sportspress-fit-mini wp-post-image\" alt=\"\" \/><\/span> Unia Bia\u0142opole - Tatran Kra\u015bniczyn<\/a><\/td><td class=\"data-time \" data-label=\"Godzina\/Wynik\"><a href=\"http:\/\/victoriazmudz.pl\/wordpress\/event\/12044\/\" itemprop=\"url\">4 - 3<\/a><\/td><\/tr><tr class=\"sp-row sp-post sp-row-no-5\" itemscope itemtype=\"http:\/\/schema.org\/SportsEvent\"><td class=\"data-date\" itemprop=\"startDate\" content=\"2026-04-26T11:00+02:00\" data-label=\"Date\"><a href=\"http:\/\/victoriazmudz.pl\/wordpress\/event\/12045\/ \"itemprop=\"url\"><date>2026-04-26 11:00:00<\/date>26\/04\/2026<\/a><\/td><td class=\"data-event\" data-label=\"Mecz\"><a href=\"http:\/\/victoriazmudz.pl\/wordpress\/event\/12045\/\"><span class=\"sportix-list-logo\"><img loading=\"lazy\" decoding=\"async\" width=\"32\" height=\"32\" src=\"http:\/\/victoriazmudz.pl\/wordpress\/wp-content\/uploads\/2021\/08\/mks-32x32.jpg\" class=\"attachment-sportspress-fit-mini size-sportspress-fit-mini wp-post-image\" alt=\"\" \/><\/span> <span class=\"sportix-list-logo\"><img loading=\"lazy\" decoding=\"async\" width=\"32\" height=\"32\" src=\"http:\/\/victoriazmudz.pl\/wordpress\/wp-content\/uploads\/2020\/07\/Victoria_Zmudz-32x32.jpg\" class=\"attachment-sportspress-fit-mini size-sportspress-fit-mini wp-post-image\" alt=\"\" \/><\/span> MKS SIEDLISKA - Victoria \u017bmud\u017a<\/a><\/td><td class=\"data-time ok\" data-label=\"Godzina\/Wynik\"><a href=\"http:\/\/victoriazmudz.pl\/wordpress\/event\/12045\/\" itemprop=\"url\">0 - 3<\/a><\/td><\/tr>\t\t\t<\/tbody>\n\t\t<\/table>\n\t<\/div>\n\t<\/div><\/div><br \/>\n&nbsp;<br \/>\n<b>Terminarz 16 kolejki:<br \/>\n<\/b><div class=\"sportspress sp-widget-align-none\"><div class=\"sp-template sp-template-event-list\">\n\t\t<div class=\"sp-table-wrapper\">\n\t\t<table class=\"sportix-responsive-table sp-event-list sp-event-list-format-title sp-data-table sp-paginated-table sp-sortable-table sp-scrollable-table\" data-sp-rows=\"7\">\n\t\t\t<thead>\n\t\t\t\t<tr>\n\t\t\t\t\t<th class=\"data-date\">Data<\/th><th class=\"data-event\">Mecz<\/th><th class=\"data-time\">Wynik<\/th>\t\t\t\t<\/tr>\n\t\t\t<\/thead>\n\t\t\t<tbody>\n\t\t\t\t<tr class=\"sp-row sp-post alternate sp-row-no-0\" itemscope itemtype=\"http:\/\/schema.org\/SportsEvent\"><td class=\"data-date\" itemprop=\"startDate\" content=\"2026-05-03T17:00+02:00\" data-label=\"Date\"><a href=\"http:\/\/victoriazmudz.pl\/wordpress\/event\/12047\/ \"itemprop=\"url\"><date>2026-05-03 17:00:00<\/date>03\/05\/2026<\/a><\/td><td class=\"data-event\" data-label=\"Mecz\"><a href=\"http:\/\/victoriazmudz.pl\/wordpress\/event\/12047\/\"><span class=\"sportix-list-logo\"><img loading=\"lazy\" decoding=\"async\" width=\"32\" height=\"32\" src=\"http:\/\/victoriazmudz.pl\/wordpress\/wp-content\/uploads\/2023\/07\/tatran-32x32.jpg\" class=\"attachment-sportspress-fit-mini size-sportspress-fit-mini wp-post-image\" alt=\"\" \/><\/span> <span class=\"sportix-list-logo\"><img loading=\"lazy\" decoding=\"async\" width=\"32\" height=\"32\" src=\"http:\/\/victoriazmudz.pl\/wordpress\/wp-content\/uploads\/2023\/07\/pawlow-32x32.jpg\" class=\"attachment-sportspress-fit-mini size-sportspress-fit-mini wp-post-image\" alt=\"\" \/><\/span> Tatran Kra\u015bniczyn - Start Paw\u0142\u00f3w<\/a><\/td><td class=\"data-time \" data-label=\"Godzina\/Wynik\"><a href=\"http:\/\/victoriazmudz.pl\/wordpress\/event\/12047\/\" itemprop=\"url\"><date>&nbsp;17:00:00<\/date>17:00<\/a><\/td><\/tr><tr class=\"sp-row sp-post sp-row-no-1\" itemscope itemtype=\"http:\/\/schema.org\/SportsEvent\"><td class=\"data-date\" itemprop=\"startDate\" content=\"2026-05-03T14:30+02:00\" data-label=\"Date\"><a href=\"http:\/\/victoriazmudz.pl\/wordpress\/event\/12048\/ \"itemprop=\"url\"><date>2026-05-03 14:30:00<\/date>03\/05\/2026<\/a><\/td><td class=\"data-event\" data-label=\"Mecz\"><a href=\"http:\/\/victoriazmudz.pl\/wordpress\/event\/12048\/\"><span class=\"sportix-list-logo\"><img loading=\"lazy\" decoding=\"async\" width=\"32\" height=\"32\" src=\"http:\/\/victoriazmudz.pl\/wordpress\/wp-content\/uploads\/2020\/08\/izbica-32x32.png\" class=\"attachment-sportspress-fit-mini size-sportspress-fit-mini wp-post-image\" alt=\"\" \/><\/span> <span class=\"sportix-list-logo\"><img loading=\"lazy\" decoding=\"async\" width=\"32\" height=\"32\" src=\"http:\/\/victoriazmudz.pl\/wordpress\/wp-content\/uploads\/2020\/08\/granica-32x32.jpg\" class=\"attachment-sportspress-fit-mini size-sportspress-fit-mini wp-post-image\" alt=\"\" \/><\/span> Ruch II Izbica - Granica Dorohusk<\/a><\/td><td class=\"data-time \" data-label=\"Godzina\/Wynik\"><a href=\"http:\/\/victoriazmudz.pl\/wordpress\/event\/12048\/\" itemprop=\"url\"><date>&nbsp;14:30:00<\/date>14:30<\/a><\/td><\/tr><tr class=\"sp-row sp-post alternate sp-row-no-2\" itemscope itemtype=\"http:\/\/schema.org\/SportsEvent\"><td class=\"data-date\" itemprop=\"startDate\" content=\"2026-05-02T10:00+02:00\" data-label=\"Date\"><a href=\"http:\/\/victoriazmudz.pl\/wordpress\/event\/12050\/ \"itemprop=\"url\"><date>2026-05-02 10:00:00<\/date>02\/05\/2026<\/a><\/td><td class=\"data-event\" data-label=\"Mecz\"><a href=\"http:\/\/victoriazmudz.pl\/wordpress\/event\/12050\/\"><span class=\"sportix-list-logo\"><img loading=\"lazy\" decoding=\"async\" width=\"32\" height=\"32\" src=\"http:\/\/victoriazmudz.pl\/wordpress\/wp-content\/uploads\/2020\/07\/Victoria_Zmudz-32x32.jpg\" class=\"attachment-sportspress-fit-mini size-sportspress-fit-mini wp-post-image\" alt=\"\" \/><\/span> <span class=\"sportix-list-logo\"><img loading=\"lazy\" decoding=\"async\" width=\"32\" height=\"32\" src=\"http:\/\/victoriazmudz.pl\/wordpress\/wp-content\/uploads\/2022\/07\/znicz_siennica-32x32.png\" class=\"attachment-sportspress-fit-mini size-sportspress-fit-mini wp-post-image\" alt=\"\" \/><\/span> Victoria \u017bmud\u017a - Znicz Siennica R\u00f3\u017cana<\/a><\/td><td class=\"data-time ok\" data-label=\"Godzina\/Wynik\"><a href=\"http:\/\/victoriazmudz.pl\/wordpress\/event\/12050\/\" itemprop=\"url\"><date>&nbsp;10:00:00<\/date>10:00<\/a><\/td><\/tr><tr class=\"sp-row sp-post sp-row-no-3\" itemscope itemtype=\"http:\/\/schema.org\/SportsEvent\"><td class=\"data-date\" itemprop=\"startDate\" content=\"2026-05-01T14:00+02:00\" data-label=\"Date\"><a href=\"http:\/\/victoriazmudz.pl\/wordpress\/event\/12049\/ \"itemprop=\"url\"><date>2026-05-01 14:00:00<\/date>01\/05\/2026<\/a><\/td><td class=\"data-event\" data-label=\"Mecz\"><a href=\"http:\/\/victoriazmudz.pl\/wordpress\/event\/12049\/\"><span class=\"sportix-list-logo\"><img loading=\"lazy\" decoding=\"async\" width=\"32\" height=\"32\" src=\"http:\/\/victoriazmudz.pl\/wordpress\/wp-content\/uploads\/2023\/07\/dubeczno-32x32.jpg\" class=\"attachment-sportspress-fit-mini size-sportspress-fit-mini wp-post-image\" alt=\"\" \/><\/span> <span class=\"sportix-list-logo\"><img loading=\"lazy\" decoding=\"async\" width=\"32\" height=\"32\" src=\"http:\/\/victoriazmudz.pl\/wordpress\/wp-content\/uploads\/2021\/08\/mks-32x32.jpg\" class=\"attachment-sportspress-fit-mini size-sportspress-fit-mini wp-post-image\" alt=\"\" \/><\/span> Hutnik Dubeczno - MKS SIEDLISKA<\/a><\/td><td class=\"data-time \" data-label=\"Godzina\/Wynik\"><a href=\"http:\/\/victoriazmudz.pl\/wordpress\/event\/12049\/\" itemprop=\"url\"><date>&nbsp;14:00:00<\/date>14:00<\/a><\/td><\/tr><tr class=\"sp-row sp-post alternate sp-row-no-4\" itemscope itemtype=\"http:\/\/schema.org\/SportsEvent\"><td class=\"data-date\" itemprop=\"startDate\" content=\"2026-05-01T11:00+02:00\" data-label=\"Date\"><a href=\"http:\/\/victoriazmudz.pl\/wordpress\/event\/12046\/ \"itemprop=\"url\"><date>2026-05-01 11:00:00<\/date>01\/05\/2026<\/a><\/td><td class=\"data-event\" data-label=\"Mecz\"><a href=\"http:\/\/victoriazmudz.pl\/wordpress\/event\/12046\/\"><span class=\"sportix-list-logo\"><img loading=\"lazy\" decoding=\"async\" width=\"32\" height=\"32\" src=\"http:\/\/victoriazmudz.pl\/wordpress\/wp-content\/uploads\/2022\/07\/spoldzielca-32x32.jpg\" class=\"attachment-sportspress-fit-mini size-sportspress-fit-mini wp-post-image\" alt=\"\" \/><\/span> <span class=\"sportix-list-logo\"><img loading=\"lazy\" decoding=\"async\" width=\"32\" height=\"32\" src=\"http:\/\/victoriazmudz.pl\/wordpress\/wp-content\/uploads\/2020\/07\/unia_bialopole_logo-32x32.png\" class=\"attachment-sportspress-fit-mini size-sportspress-fit-mini wp-post-image\" alt=\"\" \/><\/span> Sp\u00f3\u0142dzielca Siedliszcze - Unia Bia\u0142opole<\/a><\/td><td class=\"data-time \" data-label=\"Godzina\/Wynik\"><a href=\"http:\/\/victoriazmudz.pl\/wordpress\/event\/12046\/\" itemprop=\"url\"><date>&nbsp;11:00:00<\/date>11:00<\/a><\/td><\/tr><tr class=\"sp-row sp-post sp-row-no-5\" itemscope itemtype=\"http:\/\/schema.org\/SportsEvent\"><td class=\"data-date\" itemprop=\"startDate\" content=\"2026-05-01T11:00+02:00\" data-label=\"Date\"><a href=\"http:\/\/victoriazmudz.pl\/wordpress\/event\/12051\/ \"itemprop=\"url\"><date>2026-05-01 11:00:00<\/date>01\/05\/2026<\/a><\/td><td class=\"data-event\" data-label=\"Mecz\"><a href=\"http:\/\/victoriazmudz.pl\/wordpress\/event\/12051\/\"><span class=\"sportix-list-logo\"><img loading=\"lazy\" decoding=\"async\" width=\"32\" height=\"32\" src=\"http:\/\/victoriazmudz.pl\/wordpress\/wp-content\/uploads\/2020\/08\/orzel-32x32.png\" class=\"attachment-sportspress-fit-mini size-sportspress-fit-mini wp-post-image\" alt=\"\" \/><\/span> <span class=\"sportix-list-logo\"><img loading=\"lazy\" decoding=\"async\" width=\"32\" height=\"32\" src=\"http:\/\/victoriazmudz.pl\/wordpress\/wp-content\/uploads\/2021\/08\/astra-32x32.jpg\" class=\"attachment-sportspress-fit-mini size-sportspress-fit-mini wp-post-image\" alt=\"\" \/><\/span> Orze\u0142 Srebrzyszcze - Astra II Le\u015bniowice<\/a><\/td><td class=\"data-time \" data-label=\"Godzina\/Wynik\"><a href=\"http:\/\/victoriazmudz.pl\/wordpress\/event\/12051\/\" itemprop=\"url\"><date>&nbsp;11:00:00<\/date>11:00<\/a><\/td><\/tr>\t\t\t<\/tbody>\n\t\t<\/table>\n\t<\/div>\n\t<\/div><\/div><br \/>\n&nbsp;<\/p>\n<p>ngg_shortcode_0_placeholder&nbsp;&nbsp;<br \/>\nAutor zdj\u0119\u0107: Pawe\u0142 Gorczycki<br \/>\n&nbsp;<br \/>\n<a href=\"http:\/\/victoriazmudz.pl\/wordpress\/2026\/04\/24\/victoria-granica-2-3\/\">14 kolejka: Victoria &#8211; Granica Dorohusk 2:3<\/a><br \/>\n&nbsp;<br \/>\n<a href=\"http:\/\/victoriazmudz.pl\/wordpress\/live\/\">Wyniki na \u017cywo<\/a><a href=\"http:\/\/victoriazmudz.pl\/wordpress\/rozgrywki\/wyniki-i-terminarz\/\"><br \/>\n<\/a><a href=\"http:\/\/victoriazmudz.pl\/wordpress\/wyniki-i-terminarz\/\">Wyniki i terminarz<\/a><a href=\"http:\/\/victoriazmudz.pl\/wordpress\/rozgrywki\/wyniki-i-terminarz\/\"><br \/>\n<\/a><a href=\"http:\/\/victoriazmudz.pl\/wordpress\/rozgrywki\/tabela-ligowa\/\">Aktualna tabela ligowa<\/a><\/p>\n","protected":false},"excerpt":{"rendered":"<p>MKS Siedliska &#8211; Victoria \u017bmud\u017a 0:3 (0:1) Bramki: Damian Kasprzycki 44&#8242;, Pawe\u0142 Kossowski 47&#8242; (rzut karny), Jakub Fronc 76&#8242;. MKS Siedliska: Jurek &#8211; Sawicki, S\u0142oniec (50&#8242; Gdula), Leszczy\u0144ski (65&#8242; Daniel Wi\u015bniewski), \u0141ukasz Wi\u015bniewski, Iwa\u0144czuk, Augustyniak (75&#8242; Jacek W\u00f3jcik), Sapu\u0142a, Kowalik, Kania, Piotr W\u00f3jcik. trener: Jerzy Puczkowski Victoria: Perdun &#8211; Wawryszczuk, Olejniczak, Kasprzycki, Toporowski (46&#8242; Buczkowski),&#8230;<\/p>\n","protected":false},"author":1,"featured_media":12260,"comment_status":"open","ping_status":"open","sticky":false,"template":"","format":"standard","meta":{"ngg_post_thumbnail":0,"_jetpack_memberships_contains_paid_content":false,"footnotes":"","jetpack_publicize_message":"","jetpack_publicize_feature_enabled":true,"jetpack_social_post_already_shared":true,"jetpack_social_options":{"image_generator_settings":{"template":"highway","default_image_id":0,"font":"","enabled":false},"version":2}},"categories":[196,266],"tags":[198,211,115],"class_list":["post-12257","post","type-post","status-publish","format-standard","has-post-thumbnail","hentry","category-a-klasa","category-sezon-2025-2026","tag-a-klasa","tag-mks-siedliska","tag-victoria-zmudz"],"yoast_head":"<!-- This site is optimized with the Yoast SEO plugin v27.3 - https:\/\/yoast.com\/product\/yoast-seo-wordpress\/ -->\n<title>MKS Siedliska - Victoria \u017bmud\u017a 0:3 - Victoria \u017bmud\u017a<\/title>\n<meta name=\"robots\" content=\"index, follow, max-snippet:-1, max-image-preview:large, max-video-preview:-1\" \/>\n<link rel=\"canonical\" href=\"http:\/\/victoriazmudz.pl\/wordpress\/2026\/04\/27\/mks-siedliska-victoria-0-3\/\" \/>\n<meta property=\"og:locale\" content=\"pl_PL\" \/>\n<meta property=\"og:type\" content=\"article\" \/>\n<meta property=\"og:title\" content=\"MKS Siedliska - Victoria \u017bmud\u017a 0:3 - Victoria \u017bmud\u017a\" \/>\n<meta property=\"og:description\" content=\"MKS Siedliska &#8211; Victoria \u017bmud\u017a 0:3 (0:1) Bramki: Damian Kasprzycki 44&#8242;, Pawe\u0142 Kossowski 47&#8242; (rzut karny), Jakub Fronc 76&#8242;. MKS Siedliska: Jurek &#8211; Sawicki, S\u0142oniec (50&#8242; Gdula), Leszczy\u0144ski (65&#8242; Daniel Wi\u015bniewski), \u0141ukasz Wi\u015bniewski, Iwa\u0144czuk, Augustyniak (75&#8242; Jacek W\u00f3jcik), Sapu\u0142a, Kowalik, Kania, Piotr W\u00f3jcik. trener: Jerzy Puczkowski Victoria: Perdun &#8211; Wawryszczuk, Olejniczak, Kasprzycki, Toporowski (46&#8242; Buczkowski),...\" \/>\n<meta property=\"og:url\" content=\"http:\/\/victoriazmudz.pl\/wordpress\/2026\/04\/27\/mks-siedliska-victoria-0-3\/\" \/>\n<meta property=\"og:site_name\" content=\"Victoria \u017bmud\u017a\" \/>\n<meta property=\"article:publisher\" content=\"https:\/\/pl-pl.facebook.com\/pages\/category\/Amateur-Sports-Team\/Ks-Victoria-%c5%bbmud%c5%ba-464132730352427\/\" \/>\n<meta property=\"article:published_time\" content=\"2026-04-27T19:51:58+00:00\" \/>\n<meta property=\"article:modified_time\" content=\"2026-04-27T20:13:04+00:00\" \/>\n<meta property=\"og:image\" content=\"http:\/\/victoriazmudz.pl\/wordpress\/wp-content\/uploads\/2026\/04\/FB_IMG_1777318874268.jpg\" \/>\n\t<meta property=\"og:image:width\" content=\"2048\" \/>\n\t<meta property=\"og:image:height\" content=\"1536\" \/>\n\t<meta property=\"og:image:type\" content=\"image\/jpeg\" \/>\n<meta name=\"author\" content=\"Pawe\u0142 Mazur\" \/>\n<meta name=\"twitter:card\" content=\"summary_large_image\" \/>\n<meta name=\"twitter:creator\" content=\"@VictoriaZmudz\" \/>\n<meta name=\"twitter:site\" content=\"@VictoriaZmudz\" \/>\n<meta name=\"twitter:label1\" content=\"Napisane przez\" \/>\n\t<meta name=\"twitter:data1\" content=\"Pawe\u0142 Mazur\" \/>\n\t<meta name=\"twitter:label2\" content=\"Szacowany czas czytania\" \/>\n\t<meta name=\"twitter:data2\" content=\"2 minuty\" \/>\n<script type=\"application\/ld+json\" class=\"yoast-schema-graph\">{\"@context\":\"https:\\\/\\\/schema.org\",\"@graph\":[{\"@type\":\"Article\",\"@id\":\"http:\\\/\\\/victoriazmudz.pl\\\/wordpress\\\/2026\\\/04\\\/27\\\/mks-siedliska-victoria-0-3\\\/#article\",\"isPartOf\":{\"@id\":\"http:\\\/\\\/victoriazmudz.pl\\\/wordpress\\\/2026\\\/04\\\/27\\\/mks-siedliska-victoria-0-3\\\/\"},\"author\":{\"name\":\"Pawe\u0142 Mazur\",\"@id\":\"http:\\\/\\\/victoriazmudz.pl\\\/wordpress\\\/#\\\/schema\\\/person\\\/8fd5b2755f2045ef668c4124c6615ca3\"},\"headline\":\"MKS Siedliska &#8211; Victoria \u017bmud\u017a 0:3\",\"datePublished\":\"2026-04-27T19:51:58+00:00\",\"dateModified\":\"2026-04-27T20:13:04+00:00\",\"mainEntityOfPage\":{\"@id\":\"http:\\\/\\\/victoriazmudz.pl\\\/wordpress\\\/2026\\\/04\\\/27\\\/mks-siedliska-victoria-0-3\\\/\"},\"wordCount\":199,\"commentCount\":0,\"publisher\":{\"@id\":\"http:\\\/\\\/victoriazmudz.pl\\\/wordpress\\\/#organization\"},\"image\":{\"@id\":\"http:\\\/\\\/victoriazmudz.pl\\\/wordpress\\\/2026\\\/04\\\/27\\\/mks-siedliska-victoria-0-3\\\/#primaryimage\"},\"thumbnailUrl\":\"http:\\\/\\\/victoriazmudz.pl\\\/wordpress\\\/wp-content\\\/uploads\\\/2026\\\/04\\\/FB_IMG_1777318874268.jpg\",\"keywords\":[\"A klasa\",\"MKS Siedliska\",\"Victoria \u017bmud\u017a\"],\"articleSection\":[\"A klasa\",\"sezon 2025\\\/2026\"],\"inLanguage\":\"pl-PL\",\"potentialAction\":[{\"@type\":\"CommentAction\",\"name\":\"Comment\",\"target\":[\"http:\\\/\\\/victoriazmudz.pl\\\/wordpress\\\/2026\\\/04\\\/27\\\/mks-siedliska-victoria-0-3\\\/#respond\"]}]},{\"@type\":\"WebPage\",\"@id\":\"http:\\\/\\\/victoriazmudz.pl\\\/wordpress\\\/2026\\\/04\\\/27\\\/mks-siedliska-victoria-0-3\\\/\",\"url\":\"http:\\\/\\\/victoriazmudz.pl\\\/wordpress\\\/2026\\\/04\\\/27\\\/mks-siedliska-victoria-0-3\\\/\",\"name\":\"MKS Siedliska - Victoria \u017bmud\u017a 0:3 - Victoria \u017bmud\u017a\",\"isPartOf\":{\"@id\":\"http:\\\/\\\/victoriazmudz.pl\\\/wordpress\\\/#website\"},\"primaryImageOfPage\":{\"@id\":\"http:\\\/\\\/victoriazmudz.pl\\\/wordpress\\\/2026\\\/04\\\/27\\\/mks-siedliska-victoria-0-3\\\/#primaryimage\"},\"image\":{\"@id\":\"http:\\\/\\\/victoriazmudz.pl\\\/wordpress\\\/2026\\\/04\\\/27\\\/mks-siedliska-victoria-0-3\\\/#primaryimage\"},\"thumbnailUrl\":\"http:\\\/\\\/victoriazmudz.pl\\\/wordpress\\\/wp-content\\\/uploads\\\/2026\\\/04\\\/FB_IMG_1777318874268.jpg\",\"datePublished\":\"2026-04-27T19:51:58+00:00\",\"dateModified\":\"2026-04-27T20:13:04+00:00\",\"breadcrumb\":{\"@id\":\"http:\\\/\\\/victoriazmudz.pl\\\/wordpress\\\/2026\\\/04\\\/27\\\/mks-siedliska-victoria-0-3\\\/#breadcrumb\"},\"inLanguage\":\"pl-PL\",\"potentialAction\":[{\"@type\":\"ReadAction\",\"target\":[\"http:\\\/\\\/victoriazmudz.pl\\\/wordpress\\\/2026\\\/04\\\/27\\\/mks-siedliska-victoria-0-3\\\/\"]}]},{\"@type\":\"ImageObject\",\"inLanguage\":\"pl-PL\",\"@id\":\"http:\\\/\\\/victoriazmudz.pl\\\/wordpress\\\/2026\\\/04\\\/27\\\/mks-siedliska-victoria-0-3\\\/#primaryimage\",\"url\":\"http:\\\/\\\/victoriazmudz.pl\\\/wordpress\\\/wp-content\\\/uploads\\\/2026\\\/04\\\/FB_IMG_1777318874268.jpg\",\"contentUrl\":\"http:\\\/\\\/victoriazmudz.pl\\\/wordpress\\\/wp-content\\\/uploads\\\/2026\\\/04\\\/FB_IMG_1777318874268.jpg\",\"width\":2048,\"height\":1536},{\"@type\":\"BreadcrumbList\",\"@id\":\"http:\\\/\\\/victoriazmudz.pl\\\/wordpress\\\/2026\\\/04\\\/27\\\/mks-siedliska-victoria-0-3\\\/#breadcrumb\",\"itemListElement\":[{\"@type\":\"ListItem\",\"position\":1,\"name\":\"Strona g\u0142\u00f3wna\",\"item\":\"http:\\\/\\\/victoriazmudz.pl\\\/wordpress\\\/\"},{\"@type\":\"ListItem\",\"position\":2,\"name\":\"MKS Siedliska &#8211; Victoria \u017bmud\u017a 0:3\"}]},{\"@type\":\"WebSite\",\"@id\":\"http:\\\/\\\/victoriazmudz.pl\\\/wordpress\\\/#website\",\"url\":\"http:\\\/\\\/victoriazmudz.pl\\\/wordpress\\\/\",\"name\":\"Victoria \u017bmud\u017a\",\"description\":\"Strona klubowa Victorii \u017bmud\u017a\",\"publisher\":{\"@id\":\"http:\\\/\\\/victoriazmudz.pl\\\/wordpress\\\/#organization\"},\"potentialAction\":[{\"@type\":\"SearchAction\",\"target\":{\"@type\":\"EntryPoint\",\"urlTemplate\":\"http:\\\/\\\/victoriazmudz.pl\\\/wordpress\\\/?s={search_term_string}\"},\"query-input\":{\"@type\":\"PropertyValueSpecification\",\"valueRequired\":true,\"valueName\":\"search_term_string\"}}],\"inLanguage\":\"pl-PL\"},{\"@type\":\"Organization\",\"@id\":\"http:\\\/\\\/victoriazmudz.pl\\\/wordpress\\\/#organization\",\"name\":\"Victoria \u017bmud\u017a\",\"url\":\"http:\\\/\\\/victoriazmudz.pl\\\/wordpress\\\/\",\"logo\":{\"@type\":\"ImageObject\",\"inLanguage\":\"pl-PL\",\"@id\":\"http:\\\/\\\/victoriazmudz.pl\\\/wordpress\\\/#\\\/schema\\\/logo\\\/image\\\/\",\"url\":\"http:\\\/\\\/victoriazmudz.pl\\\/wordpress\\\/wp-content\\\/uploads\\\/2020\\\/07\\\/logo_mini.png\",\"contentUrl\":\"http:\\\/\\\/victoriazmudz.pl\\\/wordpress\\\/wp-content\\\/uploads\\\/2020\\\/07\\\/logo_mini.png\",\"width\":139,\"height\":181,\"caption\":\"Victoria \u017bmud\u017a\"},\"image\":{\"@id\":\"http:\\\/\\\/victoriazmudz.pl\\\/wordpress\\\/#\\\/schema\\\/logo\\\/image\\\/\"},\"sameAs\":[\"https:\\\/\\\/pl-pl.facebook.com\\\/pages\\\/category\\\/Amateur-Sports-Team\\\/Ks-Victoria-\u017bmud\u017a-464132730352427\\\/\",\"https:\\\/\\\/x.com\\\/VictoriaZmudz\"]},{\"@type\":\"Person\",\"@id\":\"http:\\\/\\\/victoriazmudz.pl\\\/wordpress\\\/#\\\/schema\\\/person\\\/8fd5b2755f2045ef668c4124c6615ca3\",\"name\":\"Pawe\u0142 Mazur\",\"image\":{\"@type\":\"ImageObject\",\"inLanguage\":\"pl-PL\",\"@id\":\"https:\\\/\\\/secure.gravatar.com\\\/avatar\\\/bdffa9f55c6323321630004f0d4a47e5ecff9d524bf4f3d318f33a376b3c890e?s=96&d=mm&r=g\",\"url\":\"https:\\\/\\\/secure.gravatar.com\\\/avatar\\\/bdffa9f55c6323321630004f0d4a47e5ecff9d524bf4f3d318f33a376b3c890e?s=96&d=mm&r=g\",\"contentUrl\":\"https:\\\/\\\/secure.gravatar.com\\\/avatar\\\/bdffa9f55c6323321630004f0d4a47e5ecff9d524bf4f3d318f33a376b3c890e?s=96&d=mm&r=g\",\"caption\":\"Pawe\u0142 Mazur\"},\"sameAs\":[\"http:\"],\"url\":\"http:\\\/\\\/victoriazmudz.pl\\\/wordpress\\\/author\\\/pabloo99\\\/\"}]}<\/script>\n<!-- \/ Yoast SEO plugin. -->","yoast_head_json":{"title":"MKS Siedliska - Victoria \u017bmud\u017a 0:3 - Victoria \u017bmud\u017a","robots":{"index":"index","follow":"follow","max-snippet":"max-snippet:-1","max-image-preview":"max-image-preview:large","max-video-preview":"max-video-preview:-1"},"canonical":"http:\/\/victoriazmudz.pl\/wordpress\/2026\/04\/27\/mks-siedliska-victoria-0-3\/","og_locale":"pl_PL","og_type":"article","og_title":"MKS Siedliska - Victoria \u017bmud\u017a 0:3 - Victoria \u017bmud\u017a","og_description":"MKS Siedliska &#8211; Victoria \u017bmud\u017a 0:3 (0:1) Bramki: Damian Kasprzycki 44&#8242;, Pawe\u0142 Kossowski 47&#8242; (rzut karny), Jakub Fronc 76&#8242;. MKS Siedliska: Jurek &#8211; Sawicki, S\u0142oniec (50&#8242; Gdula), Leszczy\u0144ski (65&#8242; Daniel Wi\u015bniewski), \u0141ukasz Wi\u015bniewski, Iwa\u0144czuk, Augustyniak (75&#8242; Jacek W\u00f3jcik), Sapu\u0142a, Kowalik, Kania, Piotr W\u00f3jcik. trener: Jerzy Puczkowski Victoria: Perdun &#8211; Wawryszczuk, Olejniczak, Kasprzycki, Toporowski (46&#8242; Buczkowski),...","og_url":"http:\/\/victoriazmudz.pl\/wordpress\/2026\/04\/27\/mks-siedliska-victoria-0-3\/","og_site_name":"Victoria \u017bmud\u017a","article_publisher":"https:\/\/pl-pl.facebook.com\/pages\/category\/Amateur-Sports-Team\/Ks-Victoria-%c5%bbmud%c5%ba-464132730352427\/","article_published_time":"2026-04-27T19:51:58+00:00","article_modified_time":"2026-04-27T20:13:04+00:00","og_image":[{"width":2048,"height":1536,"url":"http:\/\/victoriazmudz.pl\/wordpress\/wp-content\/uploads\/2026\/04\/FB_IMG_1777318874268.jpg","type":"image\/jpeg"}],"author":"Pawe\u0142 Mazur","twitter_card":"summary_large_image","twitter_creator":"@VictoriaZmudz","twitter_site":"@VictoriaZmudz","twitter_misc":{"Napisane przez":"Pawe\u0142 Mazur","Szacowany czas czytania":"2 minuty"},"schema":{"@context":"https:\/\/schema.org","@graph":[{"@type":"Article","@id":"http:\/\/victoriazmudz.pl\/wordpress\/2026\/04\/27\/mks-siedliska-victoria-0-3\/#article","isPartOf":{"@id":"http:\/\/victoriazmudz.pl\/wordpress\/2026\/04\/27\/mks-siedliska-victoria-0-3\/"},"author":{"name":"Pawe\u0142 Mazur","@id":"http:\/\/victoriazmudz.pl\/wordpress\/#\/schema\/person\/8fd5b2755f2045ef668c4124c6615ca3"},"headline":"MKS Siedliska &#8211; Victoria \u017bmud\u017a 0:3","datePublished":"2026-04-27T19:51:58+00:00","dateModified":"2026-04-27T20:13:04+00:00","mainEntityOfPage":{"@id":"http:\/\/victoriazmudz.pl\/wordpress\/2026\/04\/27\/mks-siedliska-victoria-0-3\/"},"wordCount":199,"commentCount":0,"publisher":{"@id":"http:\/\/victoriazmudz.pl\/wordpress\/#organization"},"image":{"@id":"http:\/\/victoriazmudz.pl\/wordpress\/2026\/04\/27\/mks-siedliska-victoria-0-3\/#primaryimage"},"thumbnailUrl":"http:\/\/victoriazmudz.pl\/wordpress\/wp-content\/uploads\/2026\/04\/FB_IMG_1777318874268.jpg","keywords":["A klasa","MKS Siedliska","Victoria \u017bmud\u017a"],"articleSection":["A klasa","sezon 2025\/2026"],"inLanguage":"pl-PL","potentialAction":[{"@type":"CommentAction","name":"Comment","target":["http:\/\/victoriazmudz.pl\/wordpress\/2026\/04\/27\/mks-siedliska-victoria-0-3\/#respond"]}]},{"@type":"WebPage","@id":"http:\/\/victoriazmudz.pl\/wordpress\/2026\/04\/27\/mks-siedliska-victoria-0-3\/","url":"http:\/\/victoriazmudz.pl\/wordpress\/2026\/04\/27\/mks-siedliska-victoria-0-3\/","name":"MKS Siedliska - Victoria \u017bmud\u017a 0:3 - Victoria \u017bmud\u017a","isPartOf":{"@id":"http:\/\/victoriazmudz.pl\/wordpress\/#website"},"primaryImageOfPage":{"@id":"http:\/\/victoriazmudz.pl\/wordpress\/2026\/04\/27\/mks-siedliska-victoria-0-3\/#primaryimage"},"image":{"@id":"http:\/\/victoriazmudz.pl\/wordpress\/2026\/04\/27\/mks-siedliska-victoria-0-3\/#primaryimage"},"thumbnailUrl":"http:\/\/victoriazmudz.pl\/wordpress\/wp-content\/uploads\/2026\/04\/FB_IMG_1777318874268.jpg","datePublished":"2026-04-27T19:51:58+00:00","dateModified":"2026-04-27T20:13:04+00:00","breadcrumb":{"@id":"http:\/\/victoriazmudz.pl\/wordpress\/2026\/04\/27\/mks-siedliska-victoria-0-3\/#breadcrumb"},"inLanguage":"pl-PL","potentialAction":[{"@type":"ReadAction","target":["http:\/\/victoriazmudz.pl\/wordpress\/2026\/04\/27\/mks-siedliska-victoria-0-3\/"]}]},{"@type":"ImageObject","inLanguage":"pl-PL","@id":"http:\/\/victoriazmudz.pl\/wordpress\/2026\/04\/27\/mks-siedliska-victoria-0-3\/#primaryimage","url":"http:\/\/victoriazmudz.pl\/wordpress\/wp-content\/uploads\/2026\/04\/FB_IMG_1777318874268.jpg","contentUrl":"http:\/\/victoriazmudz.pl\/wordpress\/wp-content\/uploads\/2026\/04\/FB_IMG_1777318874268.jpg","width":2048,"height":1536},{"@type":"BreadcrumbList","@id":"http:\/\/victoriazmudz.pl\/wordpress\/2026\/04\/27\/mks-siedliska-victoria-0-3\/#breadcrumb","itemListElement":[{"@type":"ListItem","position":1,"name":"Strona g\u0142\u00f3wna","item":"http:\/\/victoriazmudz.pl\/wordpress\/"},{"@type":"ListItem","position":2,"name":"MKS Siedliska &#8211; Victoria \u017bmud\u017a 0:3"}]},{"@type":"WebSite","@id":"http:\/\/victoriazmudz.pl\/wordpress\/#website","url":"http:\/\/victoriazmudz.pl\/wordpress\/","name":"Victoria \u017bmud\u017a","description":"Strona klubowa Victorii \u017bmud\u017a","publisher":{"@id":"http:\/\/victoriazmudz.pl\/wordpress\/#organization"},"potentialAction":[{"@type":"SearchAction","target":{"@type":"EntryPoint","urlTemplate":"http:\/\/victoriazmudz.pl\/wordpress\/?s={search_term_string}"},"query-input":{"@type":"PropertyValueSpecification","valueRequired":true,"valueName":"search_term_string"}}],"inLanguage":"pl-PL"},{"@type":"Organization","@id":"http:\/\/victoriazmudz.pl\/wordpress\/#organization","name":"Victoria \u017bmud\u017a","url":"http:\/\/victoriazmudz.pl\/wordpress\/","logo":{"@type":"ImageObject","inLanguage":"pl-PL","@id":"http:\/\/victoriazmudz.pl\/wordpress\/#\/schema\/logo\/image\/","url":"http:\/\/victoriazmudz.pl\/wordpress\/wp-content\/uploads\/2020\/07\/logo_mini.png","contentUrl":"http:\/\/victoriazmudz.pl\/wordpress\/wp-content\/uploads\/2020\/07\/logo_mini.png","width":139,"height":181,"caption":"Victoria \u017bmud\u017a"},"image":{"@id":"http:\/\/victoriazmudz.pl\/wordpress\/#\/schema\/logo\/image\/"},"sameAs":["https:\/\/pl-pl.facebook.com\/pages\/category\/Amateur-Sports-Team\/Ks-Victoria-\u017bmud\u017a-464132730352427\/","https:\/\/x.com\/VictoriaZmudz"]},{"@type":"Person","@id":"http:\/\/victoriazmudz.pl\/wordpress\/#\/schema\/person\/8fd5b2755f2045ef668c4124c6615ca3","name":"Pawe\u0142 Mazur","image":{"@type":"ImageObject","inLanguage":"pl-PL","@id":"https:\/\/secure.gravatar.com\/avatar\/bdffa9f55c6323321630004f0d4a47e5ecff9d524bf4f3d318f33a376b3c890e?s=96&d=mm&r=g","url":"https:\/\/secure.gravatar.com\/avatar\/bdffa9f55c6323321630004f0d4a47e5ecff9d524bf4f3d318f33a376b3c890e?s=96&d=mm&r=g","contentUrl":"https:\/\/secure.gravatar.com\/avatar\/bdffa9f55c6323321630004f0d4a47e5ecff9d524bf4f3d318f33a376b3c890e?s=96&d=mm&r=g","caption":"Pawe\u0142 Mazur"},"sameAs":["http:"],"url":"http:\/\/victoriazmudz.pl\/wordpress\/author\/pabloo99\/"}]}},"jetpack_publicize_connections":[],"jetpack_featured_media_url":"http:\/\/victoriazmudz.pl\/wordpress\/wp-content\/uploads\/2026\/04\/FB_IMG_1777318874268.jpg","jetpack_sharing_enabled":true,"_links":{"self":[{"href":"http:\/\/victoriazmudz.pl\/wordpress\/wp-json\/wp\/v2\/posts\/12257","targetHints":{"allow":["GET"]}}],"collection":[{"href":"http:\/\/victoriazmudz.pl\/wordpress\/wp-json\/wp\/v2\/posts"}],"about":[{"href":"http:\/\/victoriazmudz.pl\/wordpress\/wp-json\/wp\/v2\/types\/post"}],"author":[{"embeddable":true,"href":"http:\/\/victoriazmudz.pl\/wordpress\/wp-json\/wp\/v2\/users\/1"}],"replies":[{"embeddable":true,"href":"http:\/\/victoriazmudz.pl\/wordpress\/wp-json\/wp\/v2\/comments?post=12257"}],"version-history":[{"count":6,"href":"http:\/\/victoriazmudz.pl\/wordpress\/wp-json\/wp\/v2\/posts\/12257\/revisions"}],"predecessor-version":[{"id":12267,"href":"http:\/\/victoriazmudz.pl\/wordpress\/wp-json\/wp\/v2\/posts\/12257\/revisions\/12267"}],"wp:featuredmedia":[{"embeddable":true,"href":"http:\/\/victoriazmudz.pl\/wordpress\/wp-json\/wp\/v2\/media\/12260"}],"wp:attachment":[{"href":"http:\/\/victoriazmudz.pl\/wordpress\/wp-json\/wp\/v2\/media?parent=12257"}],"wp:term":[{"taxonomy":"category","embeddable":true,"href":"http:\/\/victoriazmudz.pl\/wordpress\/wp-json\/wp\/v2\/categories?post=12257"},{"taxonomy":"post_tag","embeddable":true,"href":"http:\/\/victoriazmudz.pl\/wordpress\/wp-json\/wp\/v2\/tags?post=12257"}],"curies":[{"name":"wp","href":"https:\/\/api.w.org\/{rel}","templated":true}]}}