{"id":11083,"date":"2025-04-24T21:27:47","date_gmt":"2025-04-24T19:27:47","guid":{"rendered":"http:\/\/victoriazmudz.pl\/wordpress\/?p=11083"},"modified":"2025-04-24T21:27:47","modified_gmt":"2025-04-24T19:27:47","slug":"ruch-victoria-3-4","status":"publish","type":"post","link":"http:\/\/victoriazmudz.pl\/wordpress\/2025\/04\/24\/ruch-victoria-3-4\/","title":{"rendered":"Ruch II Izbica &#8211; Victoria \u017bmud\u017a 3:4"},"content":{"rendered":"<p><strong>Ruch II Izbica &#8211; Victoria \u017bmud\u017a 3:4 (3:2)<br \/>\n<\/strong><\/p>\n<p><strong>Bramki<\/strong>: Mateusz Kliszcz 6&#8242;, Bart\u0142omiej Jak\u00f3bczak 27&#8242;, 32&#8242; &#8211; Artur Iwat 15&#8242;, 55&#8242;, 56&#8242;, Oskar Grobelny 44&#8242;.<\/p>\n<p><strong>Ruch:<\/strong> Sasim &#8211; B\u0142onka (73&#8242; Swatowski), Kaszak, Mazurek, Ju\u015bci\u0144ski (73&#8242; Hawryluk), Wr\u00f3bel, Jak\u00f3bczak, Binek (30&#8242; Tokarz (80&#8242; Papis)), Kliszcz (20&#8242; Zaprawa (64&#8242; Tymicki)), Jaremek, Babiarz (80&#8242; Kita).<br \/>\ntrener: Piotr Moli\u0144ski<\/p>\n<p><strong>Victoria:<\/strong> I. Fronc &#8211; Ostaszewski, Kossowski (60&#8242; Damian Urba\u0144ski), Kusy (82&#8242; Binkiewicz), Wagner, Wierzbicki (46&#8242; Cymborski), Toporowski, Ko\u0142odziejczyk, Iwat (75&#8242; Tabu\u0142a), J. Fronc, Grobelny.<br \/>\ntrener: Piotr Moli\u0144ski<\/p>\n<p><strong>\u017b\u00f3\u0142te kartki:<\/strong> Ju\u015bci\u0144ski &#8211; Kusy.<\/p>\n<p><strong>Czerwone kartki<\/strong>: I. Fronc (90&#8242; &#8211; pozbawienie przeciwnik\u00f3w realnej szansy zdobycia bramki poprzez faul przed polem karnym)<\/p>\n<p><strong>S\u0119dziowali: <\/strong>Cezary Bryda oraz Stanis\u0142aw Urbankiewicz, Tomasz Majewski<span id=\"referees\">.<br \/>\n&nbsp;<\/span><br \/>\n<strong>Wyniki 14 kolejki:<br \/>\n<\/strong><div class=\"sportspress sp-widget-align-none\"><div class=\"sp-template sp-template-event-list\">\n\t\t<div class=\"sp-table-wrapper\">\n\t\t<table class=\"sportix-responsive-table sp-event-list sp-event-list-format-title sp-data-table sp-paginated-table sp-sortable-table sp-scrollable-table\" data-sp-rows=\"7\">\n\t\t\t<thead>\n\t\t\t\t<tr>\n\t\t\t\t\t<th class=\"data-date\">Data<\/th><th class=\"data-event\">Mecz<\/th><th class=\"data-time\">Wynik<\/th>\t\t\t\t<\/tr>\n\t\t\t<\/thead>\n\t\t\t<tbody>\n\t\t\t\t<tr class=\"sp-row sp-post alternate sp-row-no-0\" itemscope itemtype=\"http:\/\/schema.org\/SportsEvent\"><td class=\"data-date\" itemprop=\"startDate\" content=\"2025-04-19T14:00+02:00\" data-label=\"Date\"><a href=\"http:\/\/victoriazmudz.pl\/wordpress\/event\/10879\/ \"itemprop=\"url\"><date>2025-04-19 14:00:00<\/date>19\/04\/2025<\/a><\/td><td class=\"data-event\" data-label=\"Mecz\"><a href=\"http:\/\/victoriazmudz.pl\/wordpress\/event\/10879\/\"><span class=\"sportix-list-logo\"><img loading=\"lazy\" decoding=\"async\" width=\"32\" height=\"32\" src=\"http:\/\/victoriazmudz.pl\/wordpress\/wp-content\/uploads\/2020\/08\/izbica-32x32.png\" class=\"attachment-sportspress-fit-mini size-sportspress-fit-mini wp-post-image\" alt=\"\" \/><\/span> <span class=\"sportix-list-logo\"><img loading=\"lazy\" decoding=\"async\" width=\"32\" height=\"32\" src=\"http:\/\/victoriazmudz.pl\/wordpress\/wp-content\/uploads\/2020\/07\/Victoria_Zmudz-32x32.jpg\" class=\"attachment-sportspress-fit-mini size-sportspress-fit-mini wp-post-image\" alt=\"\" \/><\/span> Ruch II Izbica - Victoria \u017bmud\u017a<\/a><\/td><td class=\"data-time ok\" data-label=\"Godzina\/Wynik\"><a href=\"http:\/\/victoriazmudz.pl\/wordpress\/event\/10879\/\" itemprop=\"url\">3 - 4<\/a><\/td><\/tr><tr class=\"sp-row sp-post sp-row-no-1\" itemscope itemtype=\"http:\/\/schema.org\/SportsEvent\"><td class=\"data-date\" itemprop=\"startDate\" content=\"2025-04-19T12:00+02:00\" data-label=\"Date\"><a href=\"http:\/\/victoriazmudz.pl\/wordpress\/event\/10877\/ \"itemprop=\"url\"><date>2025-04-19 12:00:00<\/date>19\/04\/2025<\/a><\/td><td class=\"data-event\" data-label=\"Mecz\"><a href=\"http:\/\/victoriazmudz.pl\/wordpress\/event\/10877\/\"><span class=\"sportix-list-logo\"><img loading=\"lazy\" decoding=\"async\" width=\"32\" height=\"32\" src=\"http:\/\/victoriazmudz.pl\/wordpress\/wp-content\/uploads\/2023\/07\/pawlow-32x32.jpg\" class=\"attachment-sportspress-fit-mini size-sportspress-fit-mini wp-post-image\" alt=\"\" \/><\/span> <span class=\"sportix-list-logo\"><img loading=\"lazy\" decoding=\"async\" width=\"32\" height=\"32\" src=\"http:\/\/victoriazmudz.pl\/wordpress\/wp-content\/uploads\/2020\/08\/orzel-32x32.png\" class=\"attachment-sportspress-fit-mini size-sportspress-fit-mini wp-post-image\" alt=\"\" \/><\/span> GKS START-REGENT - Orze\u0142 Srebrzyszcze<\/a><\/td><td class=\"data-time \" data-label=\"Godzina\/Wynik\"><a href=\"http:\/\/victoriazmudz.pl\/wordpress\/event\/10877\/\" itemprop=\"url\">0 - 4<\/a><\/td><\/tr><tr class=\"sp-row sp-post alternate sp-row-no-2\" itemscope itemtype=\"http:\/\/schema.org\/SportsEvent\"><td class=\"data-date\" itemprop=\"startDate\" content=\"2025-04-19T12:00+02:00\" data-label=\"Date\"><a href=\"http:\/\/victoriazmudz.pl\/wordpress\/event\/10878\/ \"itemprop=\"url\"><date>2025-04-19 12:00:00<\/date>19\/04\/2025<\/a><\/td><td class=\"data-event\" data-label=\"Mecz\"><a href=\"http:\/\/victoriazmudz.pl\/wordpress\/event\/10878\/\"><span class=\"sportix-list-logo\"><img loading=\"lazy\" decoding=\"async\" width=\"32\" height=\"32\" src=\"http:\/\/victoriazmudz.pl\/wordpress\/wp-content\/uploads\/2020\/07\/unia_bialopole_logo-32x32.png\" class=\"attachment-sportspress-fit-mini size-sportspress-fit-mini wp-post-image\" alt=\"\" \/><\/span> <span class=\"sportix-list-logo\"><img loading=\"lazy\" decoding=\"async\" width=\"32\" height=\"32\" src=\"http:\/\/victoriazmudz.pl\/wordpress\/wp-content\/uploads\/2022\/07\/znicz_siennica-32x32.png\" class=\"attachment-sportspress-fit-mini size-sportspress-fit-mini wp-post-image\" alt=\"\" \/><\/span> Unia Bia\u0142opole - Znicz Siennica R\u00f3\u017cana<\/a><\/td><td class=\"data-time \" data-label=\"Godzina\/Wynik\"><a href=\"http:\/\/victoriazmudz.pl\/wordpress\/event\/10878\/\" itemprop=\"url\">5 - 1<\/a><\/td><\/tr><tr class=\"sp-row sp-post sp-row-no-3\" itemscope itemtype=\"http:\/\/schema.org\/SportsEvent\"><td class=\"data-date\" itemprop=\"startDate\" content=\"2025-04-19T12:00+02:00\" data-label=\"Date\"><a href=\"http:\/\/victoriazmudz.pl\/wordpress\/event\/10880\/ \"itemprop=\"url\"><date>2025-04-19 12:00:00<\/date>19\/04\/2025<\/a><\/td><td class=\"data-event\" data-label=\"Mecz\"><a href=\"http:\/\/victoriazmudz.pl\/wordpress\/event\/10880\/\"><span class=\"sportix-list-logo\"><img loading=\"lazy\" decoding=\"async\" width=\"32\" height=\"32\" src=\"http:\/\/victoriazmudz.pl\/wordpress\/wp-content\/uploads\/2021\/08\/vitrum-32x32.jpg\" class=\"attachment-sportspress-fit-mini size-sportspress-fit-mini wp-post-image\" alt=\"\" \/><\/span> <span class=\"sportix-list-logo\"><img loading=\"lazy\" decoding=\"async\" width=\"32\" height=\"32\" src=\"http:\/\/victoriazmudz.pl\/wordpress\/wp-content\/uploads\/2023\/07\/dubeczno-32x32.jpg\" class=\"attachment-sportspress-fit-mini size-sportspress-fit-mini wp-post-image\" alt=\"\" \/><\/span> Vitrum Wola Uhruska - Hutnik Dubeczno<\/a><\/td><td class=\"data-time \" data-label=\"Godzina\/Wynik\"><a href=\"http:\/\/victoriazmudz.pl\/wordpress\/event\/10880\/\" itemprop=\"url\">2 - 1<\/a><\/td><\/tr><tr class=\"sp-row sp-post alternate sp-row-no-4\" itemscope itemtype=\"http:\/\/schema.org\/SportsEvent\"><td class=\"data-date\" itemprop=\"startDate\" content=\"2025-04-19T12:00+02:00\" data-label=\"Date\"><a href=\"http:\/\/victoriazmudz.pl\/wordpress\/event\/10881\/ \"itemprop=\"url\"><date>2025-04-19 12:00:00<\/date>19\/04\/2025<\/a><\/td><td class=\"data-event\" data-label=\"Mecz\"><a href=\"http:\/\/victoriazmudz.pl\/wordpress\/event\/10881\/\"><span class=\"sportix-list-logo\"><img loading=\"lazy\" decoding=\"async\" width=\"32\" height=\"32\" src=\"http:\/\/victoriazmudz.pl\/wordpress\/wp-content\/uploads\/2021\/08\/hutnik_ruda-1-32x32.jpg\" class=\"attachment-sportspress-fit-mini size-sportspress-fit-mini wp-post-image\" alt=\"\" \/><\/span> <span class=\"sportix-list-logo\"><img loading=\"lazy\" decoding=\"async\" width=\"32\" height=\"32\" src=\"http:\/\/victoriazmudz.pl\/wordpress\/wp-content\/uploads\/2021\/08\/mks-32x32.jpg\" class=\"attachment-sportspress-fit-mini size-sportspress-fit-mini wp-post-image\" alt=\"\" \/><\/span> Hutnik Ruda-Huta - MKS SIEDLISKA<\/a><\/td><td class=\"data-time \" data-label=\"Godzina\/Wynik\"><a href=\"http:\/\/victoriazmudz.pl\/wordpress\/event\/10881\/\" itemprop=\"url\">3 - 2<\/a><\/td><\/tr><tr class=\"sp-row sp-post sp-row-no-5\" itemscope itemtype=\"http:\/\/schema.org\/SportsEvent\"><td class=\"data-date\" itemprop=\"startDate\" content=\"2025-04-19T12:00+02:00\" data-label=\"Date\"><a href=\"http:\/\/victoriazmudz.pl\/wordpress\/event\/10882\/ \"itemprop=\"url\"><date>2025-04-19 12:00:00<\/date>19\/04\/2025<\/a><\/td><td class=\"data-event\" data-label=\"Mecz\"><a href=\"http:\/\/victoriazmudz.pl\/wordpress\/event\/10882\/\"><span class=\"sportix-list-logo\"><img loading=\"lazy\" decoding=\"async\" width=\"32\" height=\"32\" src=\"http:\/\/victoriazmudz.pl\/wordpress\/wp-content\/uploads\/2022\/07\/eko-32x32.png\" class=\"attachment-sportspress-fit-mini size-sportspress-fit-mini wp-post-image\" alt=\"\" \/><\/span> <span class=\"sportix-list-logo\"><img loading=\"lazy\" decoding=\"async\" width=\"32\" height=\"32\" src=\"http:\/\/victoriazmudz.pl\/wordpress\/wp-content\/uploads\/2023\/07\/agros_suchawa-32x32.png\" class=\"attachment-sportspress-fit-mini size-sportspress-fit-mini wp-post-image\" alt=\"\" \/><\/span> EKO-R\u00d3\u017bANKA - Agros Suchawa<\/a><\/td><td class=\"data-time \" data-label=\"Godzina\/Wynik\"><a href=\"http:\/\/victoriazmudz.pl\/wordpress\/event\/10882\/\" itemprop=\"url\">13 - 0<\/a><\/td><\/tr>\t\t\t<\/tbody>\n\t\t<\/table>\n\t<\/div>\n\t<\/div><\/div><br \/>\n&nbsp;<br \/>\n<b>Terminarz 15 kolejki:<br \/>\n<\/b><div class=\"sportspress sp-widget-align-none\"><div class=\"sp-template sp-template-event-list\">\n\t\t<div class=\"sp-table-wrapper\">\n\t\t<table class=\"sportix-responsive-table sp-event-list sp-event-list-format-title sp-data-table sp-paginated-table sp-sortable-table sp-scrollable-table\" data-sp-rows=\"7\">\n\t\t\t<thead>\n\t\t\t\t<tr>\n\t\t\t\t\t<th class=\"data-date\">Data<\/th><th class=\"data-event\">Mecz<\/th><th class=\"data-time\">Wynik<\/th>\t\t\t\t<\/tr>\n\t\t\t<\/thead>\n\t\t\t<tbody>\n\t\t\t\t<tr class=\"sp-row sp-post alternate sp-row-no-0\" itemscope itemtype=\"http:\/\/schema.org\/SportsEvent\"><td class=\"data-date\" itemprop=\"startDate\" content=\"2025-04-27T17:00+02:00\" data-label=\"Date\"><a href=\"http:\/\/victoriazmudz.pl\/wordpress\/event\/10883\/ \"itemprop=\"url\"><date>2025-04-27 17:00:00<\/date>27\/04\/2025<\/a><\/td><td class=\"data-event\" data-label=\"Mecz\"><a href=\"http:\/\/victoriazmudz.pl\/wordpress\/event\/10883\/\"><span class=\"sportix-list-logo\"><img loading=\"lazy\" decoding=\"async\" width=\"32\" height=\"32\" src=\"http:\/\/victoriazmudz.pl\/wordpress\/wp-content\/uploads\/2022\/07\/eko-32x32.png\" class=\"attachment-sportspress-fit-mini size-sportspress-fit-mini wp-post-image\" alt=\"\" \/><\/span> <span class=\"sportix-list-logo\"><img loading=\"lazy\" decoding=\"async\" width=\"32\" height=\"32\" src=\"http:\/\/victoriazmudz.pl\/wordpress\/wp-content\/uploads\/2023\/07\/pawlow-32x32.jpg\" class=\"attachment-sportspress-fit-mini size-sportspress-fit-mini wp-post-image\" alt=\"\" \/><\/span> EKO-R\u00d3\u017bANKA - GKS START-REGENT<\/a><\/td><td class=\"data-time \" data-label=\"Godzina\/Wynik\"><a href=\"http:\/\/victoriazmudz.pl\/wordpress\/event\/10883\/\" itemprop=\"url\">4 - 0<\/a><\/td><\/tr><tr class=\"sp-row sp-post sp-row-no-1\" itemscope itemtype=\"http:\/\/schema.org\/SportsEvent\"><td class=\"data-date\" itemprop=\"startDate\" content=\"2025-04-27T16:00+02:00\" data-label=\"Date\"><a href=\"http:\/\/victoriazmudz.pl\/wordpress\/event\/10886\/ \"itemprop=\"url\"><date>2025-04-27 16:00:00<\/date>27\/04\/2025<\/a><\/td><td class=\"data-event\" data-label=\"Mecz\"><a href=\"http:\/\/victoriazmudz.pl\/wordpress\/event\/10886\/\"><span class=\"sportix-list-logo\"><img loading=\"lazy\" decoding=\"async\" width=\"32\" height=\"32\" src=\"http:\/\/victoriazmudz.pl\/wordpress\/wp-content\/uploads\/2023\/07\/dubeczno-32x32.jpg\" class=\"attachment-sportspress-fit-mini size-sportspress-fit-mini wp-post-image\" alt=\"\" \/><\/span> <span class=\"sportix-list-logo\"><img loading=\"lazy\" decoding=\"async\" width=\"32\" height=\"32\" src=\"http:\/\/victoriazmudz.pl\/wordpress\/wp-content\/uploads\/2020\/08\/izbica-32x32.png\" class=\"attachment-sportspress-fit-mini size-sportspress-fit-mini wp-post-image\" alt=\"\" \/><\/span> Hutnik Dubeczno - Ruch II Izbica<\/a><\/td><td class=\"data-time \" data-label=\"Godzina\/Wynik\"><a href=\"http:\/\/victoriazmudz.pl\/wordpress\/event\/10886\/\" itemprop=\"url\">3 - 1<\/a><\/td><\/tr><tr class=\"sp-row sp-post alternate sp-row-no-2\" itemscope itemtype=\"http:\/\/schema.org\/SportsEvent\"><td class=\"data-date\" itemprop=\"startDate\" content=\"2025-04-27T16:00+02:00\" data-label=\"Date\"><a href=\"http:\/\/victoriazmudz.pl\/wordpress\/event\/10888\/ \"itemprop=\"url\"><date>2025-04-27 16:00:00<\/date>27\/04\/2025<\/a><\/td><td class=\"data-event\" data-label=\"Mecz\"><a href=\"http:\/\/victoriazmudz.pl\/wordpress\/event\/10888\/\"><span class=\"sportix-list-logo\"><img loading=\"lazy\" decoding=\"async\" width=\"32\" height=\"32\" src=\"http:\/\/victoriazmudz.pl\/wordpress\/wp-content\/uploads\/2022\/07\/znicz_siennica-32x32.png\" class=\"attachment-sportspress-fit-mini size-sportspress-fit-mini wp-post-image\" alt=\"\" \/><\/span> <span class=\"sportix-list-logo\"><img loading=\"lazy\" decoding=\"async\" width=\"32\" height=\"32\" src=\"http:\/\/victoriazmudz.pl\/wordpress\/wp-content\/uploads\/2020\/08\/orzel-32x32.png\" class=\"attachment-sportspress-fit-mini size-sportspress-fit-mini wp-post-image\" alt=\"\" \/><\/span> Znicz Siennica R\u00f3\u017cana - Orze\u0142 Srebrzyszcze<\/a><\/td><td class=\"data-time \" data-label=\"Godzina\/Wynik\"><a href=\"http:\/\/victoriazmudz.pl\/wordpress\/event\/10888\/\" itemprop=\"url\">0 - 2<\/a><\/td><\/tr><tr class=\"sp-row sp-post sp-row-no-3\" itemscope itemtype=\"http:\/\/schema.org\/SportsEvent\"><td class=\"data-date\" itemprop=\"startDate\" content=\"2025-04-27T11:00+02:00\" data-label=\"Date\"><a href=\"http:\/\/victoriazmudz.pl\/wordpress\/event\/10885\/ \"itemprop=\"url\"><date>2025-04-27 11:00:00<\/date>27\/04\/2025<\/a><\/td><td class=\"data-event\" data-label=\"Mecz\"><a href=\"http:\/\/victoriazmudz.pl\/wordpress\/event\/10885\/\"><span class=\"sportix-list-logo\"><img loading=\"lazy\" decoding=\"async\" width=\"32\" height=\"32\" src=\"http:\/\/victoriazmudz.pl\/wordpress\/wp-content\/uploads\/2021\/08\/mks-32x32.jpg\" class=\"attachment-sportspress-fit-mini size-sportspress-fit-mini wp-post-image\" alt=\"\" \/><\/span> <span class=\"sportix-list-logo\"><img loading=\"lazy\" decoding=\"async\" width=\"32\" height=\"32\" src=\"http:\/\/victoriazmudz.pl\/wordpress\/wp-content\/uploads\/2021\/08\/vitrum-32x32.jpg\" class=\"attachment-sportspress-fit-mini size-sportspress-fit-mini wp-post-image\" alt=\"\" \/><\/span> MKS SIEDLISKA - Vitrum Wola Uhruska<\/a><\/td><td class=\"data-time \" data-label=\"Godzina\/Wynik\"><a href=\"http:\/\/victoriazmudz.pl\/wordpress\/event\/10885\/\" itemprop=\"url\">2 - 6<\/a><\/td><\/tr><tr class=\"sp-row sp-post alternate sp-row-no-4\" itemscope itemtype=\"http:\/\/schema.org\/SportsEvent\"><td class=\"data-date\" itemprop=\"startDate\" content=\"2025-04-26T16:00+02:00\" data-label=\"Date\"><a href=\"http:\/\/victoriazmudz.pl\/wordpress\/event\/10887\/ \"itemprop=\"url\"><date>2025-04-26 16:00:00<\/date>26\/04\/2025<\/a><\/td><td class=\"data-event\" data-label=\"Mecz\"><a href=\"http:\/\/victoriazmudz.pl\/wordpress\/event\/10887\/\"><span class=\"sportix-list-logo\"><img loading=\"lazy\" decoding=\"async\" width=\"32\" height=\"32\" src=\"http:\/\/victoriazmudz.pl\/wordpress\/wp-content\/uploads\/2020\/07\/Victoria_Zmudz-32x32.jpg\" class=\"attachment-sportspress-fit-mini size-sportspress-fit-mini wp-post-image\" alt=\"\" \/><\/span> <span class=\"sportix-list-logo\"><img loading=\"lazy\" decoding=\"async\" width=\"32\" height=\"32\" src=\"http:\/\/victoriazmudz.pl\/wordpress\/wp-content\/uploads\/2020\/07\/unia_bialopole_logo-32x32.png\" class=\"attachment-sportspress-fit-mini size-sportspress-fit-mini wp-post-image\" alt=\"\" \/><\/span> Victoria \u017bmud\u017a - Unia Bia\u0142opole<\/a><\/td><td class=\"data-time ok\" data-label=\"Godzina\/Wynik\"><a href=\"http:\/\/victoriazmudz.pl\/wordpress\/event\/10887\/\" itemprop=\"url\">5 - 2<\/a><\/td><\/tr><tr class=\"sp-row sp-post sp-row-no-5\" itemscope itemtype=\"http:\/\/schema.org\/SportsEvent\"><td class=\"data-date\" itemprop=\"startDate\" content=\"2025-04-26T11:00+02:00\" data-label=\"Date\"><a href=\"http:\/\/victoriazmudz.pl\/wordpress\/event\/10884\/ \"itemprop=\"url\"><date>2025-04-26 11:00:00<\/date>26\/04\/2025<\/a><\/td><td class=\"data-event\" data-label=\"Mecz\"><a href=\"http:\/\/victoriazmudz.pl\/wordpress\/event\/10884\/\"><span class=\"sportix-list-logo\"><img loading=\"lazy\" decoding=\"async\" width=\"32\" height=\"32\" src=\"http:\/\/victoriazmudz.pl\/wordpress\/wp-content\/uploads\/2023\/07\/agros_suchawa-32x32.png\" class=\"attachment-sportspress-fit-mini size-sportspress-fit-mini wp-post-image\" alt=\"\" \/><\/span> <span class=\"sportix-list-logo\"><img loading=\"lazy\" decoding=\"async\" width=\"32\" height=\"32\" src=\"http:\/\/victoriazmudz.pl\/wordpress\/wp-content\/uploads\/2021\/08\/hutnik_ruda-1-32x32.jpg\" class=\"attachment-sportspress-fit-mini size-sportspress-fit-mini wp-post-image\" alt=\"\" \/><\/span> Agros Suchawa - Hutnik Ruda-Huta<\/a><\/td><td class=\"data-time \" data-label=\"Godzina\/Wynik\"><a href=\"http:\/\/victoriazmudz.pl\/wordpress\/event\/10884\/\" itemprop=\"url\">2 - 1<\/a><\/td><\/tr>\t\t\t<\/tbody>\n\t\t<\/table>\n\t<\/div>\n\t<\/div><\/div><br \/>\n&nbsp;&nbsp;<br \/>\n<a href=\"http:\/\/victoriazmudz.pl\/wordpress\/2025\/04\/17\/victoria-vitrum-0-2\/\">13 kolejka: Victoria &#8211; Vitrum Wola Uhruska 0:2<\/a><br \/>\n&nbsp;<br \/>\n<a href=\"http:\/\/victoriazmudz.pl\/wordpress\/live\/\">Wyniki na \u017cywo<\/a><a href=\"http:\/\/victoriazmudz.pl\/wordpress\/rozgrywki\/wyniki-i-terminarz\/\"><br \/>\n<\/a><a href=\"http:\/\/victoriazmudz.pl\/wordpress\/wyniki-i-terminarz\/\">Wyniki i terminarz<\/a><a href=\"http:\/\/victoriazmudz.pl\/wordpress\/rozgrywki\/wyniki-i-terminarz\/\"><br \/>\n<\/a><a href=\"http:\/\/victoriazmudz.pl\/wordpress\/rozgrywki\/tabela-ligowa\/\">Aktualna tabela ligowa<\/a><\/p>\n","protected":false},"excerpt":{"rendered":"<p>Ruch II Izbica &#8211; Victoria \u017bmud\u017a 3:4 (3:2) Bramki: Mateusz Kliszcz 6&#8242;, Bart\u0142omiej Jak\u00f3bczak 27&#8242;, 32&#8242; &#8211; Artur Iwat 15&#8242;, 55&#8242;, 56&#8242;, Oskar Grobelny 44&#8242;. Ruch: Sasim &#8211; B\u0142onka (73&#8242; Swatowski), Kaszak, Mazurek, Ju\u015bci\u0144ski (73&#8242; Hawryluk), Wr\u00f3bel, Jak\u00f3bczak, Binek (30&#8242; Tokarz (80&#8242; Papis)), Kliszcz (20&#8242; Zaprawa (64&#8242; Tymicki)), Jaremek, Babiarz (80&#8242; Kita). trener: Piotr Moli\u0144ski&#8230;<\/p>\n","protected":false},"author":1,"featured_media":8364,"comment_status":"open","ping_status":"open","sticky":false,"template":"","format":"standard","meta":{"ngg_post_thumbnail":0,"_jetpack_memberships_contains_paid_content":false,"footnotes":"","jetpack_publicize_message":"","jetpack_publicize_feature_enabled":true,"jetpack_social_post_already_shared":true,"jetpack_social_options":{"image_generator_settings":{"template":"highway","default_image_id":0,"font":"","enabled":false},"version":2}},"categories":[196,264],"tags":[198,244,115],"class_list":["post-11083","post","type-post","status-publish","format-standard","has-post-thumbnail","hentry","category-a-klasa","category-sezon-2024-2025","tag-a-klasa","tag-ruch-izbica","tag-victoria-zmudz"],"yoast_head":"<!-- This site is optimized with the Yoast SEO plugin v27.3 - https:\/\/yoast.com\/product\/yoast-seo-wordpress\/ -->\n<title>Ruch II Izbica - Victoria \u017bmud\u017a 3:4 - Victoria \u017bmud\u017a<\/title>\n<meta name=\"robots\" content=\"index, follow, max-snippet:-1, max-image-preview:large, max-video-preview:-1\" \/>\n<link rel=\"canonical\" href=\"http:\/\/victoriazmudz.pl\/wordpress\/2025\/04\/24\/ruch-victoria-3-4\/\" \/>\n<meta property=\"og:locale\" content=\"pl_PL\" \/>\n<meta property=\"og:type\" content=\"article\" \/>\n<meta property=\"og:title\" content=\"Ruch II Izbica - Victoria \u017bmud\u017a 3:4 - Victoria \u017bmud\u017a\" \/>\n<meta property=\"og:description\" content=\"Ruch II Izbica &#8211; Victoria \u017bmud\u017a 3:4 (3:2) Bramki: Mateusz Kliszcz 6&#8242;, Bart\u0142omiej Jak\u00f3bczak 27&#8242;, 32&#8242; &#8211; Artur Iwat 15&#8242;, 55&#8242;, 56&#8242;, Oskar Grobelny 44&#8242;. Ruch: Sasim &#8211; B\u0142onka (73&#8242; Swatowski), Kaszak, Mazurek, Ju\u015bci\u0144ski (73&#8242; Hawryluk), Wr\u00f3bel, Jak\u00f3bczak, Binek (30&#8242; Tokarz (80&#8242; Papis)), Kliszcz (20&#8242; Zaprawa (64&#8242; Tymicki)), Jaremek, Babiarz (80&#8242; Kita). trener: Piotr Moli\u0144ski...\" \/>\n<meta property=\"og:url\" content=\"http:\/\/victoriazmudz.pl\/wordpress\/2025\/04\/24\/ruch-victoria-3-4\/\" \/>\n<meta property=\"og:site_name\" content=\"Victoria \u017bmud\u017a\" \/>\n<meta property=\"article:publisher\" content=\"https:\/\/pl-pl.facebook.com\/pages\/category\/Amateur-Sports-Team\/Ks-Victoria-%c5%bbmud%c5%ba-464132730352427\/\" \/>\n<meta property=\"article:published_time\" content=\"2025-04-24T19:27:47+00:00\" \/>\n<meta property=\"og:image\" content=\"http:\/\/victoriazmudz.pl\/wordpress\/wp-content\/uploads\/2023\/06\/351363913_965750704457404_4433727089493443914_n.jpg\" \/>\n\t<meta property=\"og:image:width\" content=\"960\" \/>\n\t<meta property=\"og:image:height\" content=\"720\" \/>\n\t<meta property=\"og:image:type\" content=\"image\/jpeg\" \/>\n<meta name=\"author\" content=\"Pawe\u0142 Mazur\" \/>\n<meta name=\"twitter:card\" content=\"summary_large_image\" \/>\n<meta name=\"twitter:creator\" content=\"@VictoriaZmudz\" \/>\n<meta name=\"twitter:site\" content=\"@VictoriaZmudz\" \/>\n<meta name=\"twitter:label1\" content=\"Napisane przez\" \/>\n\t<meta name=\"twitter:data1\" content=\"Pawe\u0142 Mazur\" \/>\n\t<meta name=\"twitter:label2\" content=\"Szacowany czas czytania\" \/>\n\t<meta name=\"twitter:data2\" content=\"2 minuty\" \/>\n<script type=\"application\/ld+json\" class=\"yoast-schema-graph\">{\"@context\":\"https:\\\/\\\/schema.org\",\"@graph\":[{\"@type\":\"Article\",\"@id\":\"http:\\\/\\\/victoriazmudz.pl\\\/wordpress\\\/2025\\\/04\\\/24\\\/ruch-victoria-3-4\\\/#article\",\"isPartOf\":{\"@id\":\"http:\\\/\\\/victoriazmudz.pl\\\/wordpress\\\/2025\\\/04\\\/24\\\/ruch-victoria-3-4\\\/\"},\"author\":{\"name\":\"Pawe\u0142 Mazur\",\"@id\":\"http:\\\/\\\/victoriazmudz.pl\\\/wordpress\\\/#\\\/schema\\\/person\\\/8fd5b2755f2045ef668c4124c6615ca3\"},\"headline\":\"Ruch II Izbica &#8211; Victoria \u017bmud\u017a 3:4\",\"datePublished\":\"2025-04-24T19:27:47+00:00\",\"mainEntityOfPage\":{\"@id\":\"http:\\\/\\\/victoriazmudz.pl\\\/wordpress\\\/2025\\\/04\\\/24\\\/ruch-victoria-3-4\\\/\"},\"wordCount\":214,\"commentCount\":0,\"publisher\":{\"@id\":\"http:\\\/\\\/victoriazmudz.pl\\\/wordpress\\\/#organization\"},\"image\":{\"@id\":\"http:\\\/\\\/victoriazmudz.pl\\\/wordpress\\\/2025\\\/04\\\/24\\\/ruch-victoria-3-4\\\/#primaryimage\"},\"thumbnailUrl\":\"http:\\\/\\\/victoriazmudz.pl\\\/wordpress\\\/wp-content\\\/uploads\\\/2023\\\/06\\\/351363913_965750704457404_4433727089493443914_n.jpg\",\"keywords\":[\"A klasa\",\"Ruch Izbica\",\"Victoria \u017bmud\u017a\"],\"articleSection\":[\"A klasa\",\"sezon 2024\\\/2025\"],\"inLanguage\":\"pl-PL\",\"potentialAction\":[{\"@type\":\"CommentAction\",\"name\":\"Comment\",\"target\":[\"http:\\\/\\\/victoriazmudz.pl\\\/wordpress\\\/2025\\\/04\\\/24\\\/ruch-victoria-3-4\\\/#respond\"]}]},{\"@type\":\"WebPage\",\"@id\":\"http:\\\/\\\/victoriazmudz.pl\\\/wordpress\\\/2025\\\/04\\\/24\\\/ruch-victoria-3-4\\\/\",\"url\":\"http:\\\/\\\/victoriazmudz.pl\\\/wordpress\\\/2025\\\/04\\\/24\\\/ruch-victoria-3-4\\\/\",\"name\":\"Ruch II Izbica - Victoria \u017bmud\u017a 3:4 - Victoria \u017bmud\u017a\",\"isPartOf\":{\"@id\":\"http:\\\/\\\/victoriazmudz.pl\\\/wordpress\\\/#website\"},\"primaryImageOfPage\":{\"@id\":\"http:\\\/\\\/victoriazmudz.pl\\\/wordpress\\\/2025\\\/04\\\/24\\\/ruch-victoria-3-4\\\/#primaryimage\"},\"image\":{\"@id\":\"http:\\\/\\\/victoriazmudz.pl\\\/wordpress\\\/2025\\\/04\\\/24\\\/ruch-victoria-3-4\\\/#primaryimage\"},\"thumbnailUrl\":\"http:\\\/\\\/victoriazmudz.pl\\\/wordpress\\\/wp-content\\\/uploads\\\/2023\\\/06\\\/351363913_965750704457404_4433727089493443914_n.jpg\",\"datePublished\":\"2025-04-24T19:27:47+00:00\",\"breadcrumb\":{\"@id\":\"http:\\\/\\\/victoriazmudz.pl\\\/wordpress\\\/2025\\\/04\\\/24\\\/ruch-victoria-3-4\\\/#breadcrumb\"},\"inLanguage\":\"pl-PL\",\"potentialAction\":[{\"@type\":\"ReadAction\",\"target\":[\"http:\\\/\\\/victoriazmudz.pl\\\/wordpress\\\/2025\\\/04\\\/24\\\/ruch-victoria-3-4\\\/\"]}]},{\"@type\":\"ImageObject\",\"inLanguage\":\"pl-PL\",\"@id\":\"http:\\\/\\\/victoriazmudz.pl\\\/wordpress\\\/2025\\\/04\\\/24\\\/ruch-victoria-3-4\\\/#primaryimage\",\"url\":\"http:\\\/\\\/victoriazmudz.pl\\\/wordpress\\\/wp-content\\\/uploads\\\/2023\\\/06\\\/351363913_965750704457404_4433727089493443914_n.jpg\",\"contentUrl\":\"http:\\\/\\\/victoriazmudz.pl\\\/wordpress\\\/wp-content\\\/uploads\\\/2023\\\/06\\\/351363913_965750704457404_4433727089493443914_n.jpg\",\"width\":960,\"height\":720},{\"@type\":\"BreadcrumbList\",\"@id\":\"http:\\\/\\\/victoriazmudz.pl\\\/wordpress\\\/2025\\\/04\\\/24\\\/ruch-victoria-3-4\\\/#breadcrumb\",\"itemListElement\":[{\"@type\":\"ListItem\",\"position\":1,\"name\":\"Strona g\u0142\u00f3wna\",\"item\":\"http:\\\/\\\/victoriazmudz.pl\\\/wordpress\\\/\"},{\"@type\":\"ListItem\",\"position\":2,\"name\":\"Ruch II Izbica &#8211; Victoria \u017bmud\u017a 3:4\"}]},{\"@type\":\"WebSite\",\"@id\":\"http:\\\/\\\/victoriazmudz.pl\\\/wordpress\\\/#website\",\"url\":\"http:\\\/\\\/victoriazmudz.pl\\\/wordpress\\\/\",\"name\":\"Victoria \u017bmud\u017a\",\"description\":\"Strona klubowa Victorii \u017bmud\u017a\",\"publisher\":{\"@id\":\"http:\\\/\\\/victoriazmudz.pl\\\/wordpress\\\/#organization\"},\"potentialAction\":[{\"@type\":\"SearchAction\",\"target\":{\"@type\":\"EntryPoint\",\"urlTemplate\":\"http:\\\/\\\/victoriazmudz.pl\\\/wordpress\\\/?s={search_term_string}\"},\"query-input\":{\"@type\":\"PropertyValueSpecification\",\"valueRequired\":true,\"valueName\":\"search_term_string\"}}],\"inLanguage\":\"pl-PL\"},{\"@type\":\"Organization\",\"@id\":\"http:\\\/\\\/victoriazmudz.pl\\\/wordpress\\\/#organization\",\"name\":\"Victoria \u017bmud\u017a\",\"url\":\"http:\\\/\\\/victoriazmudz.pl\\\/wordpress\\\/\",\"logo\":{\"@type\":\"ImageObject\",\"inLanguage\":\"pl-PL\",\"@id\":\"http:\\\/\\\/victoriazmudz.pl\\\/wordpress\\\/#\\\/schema\\\/logo\\\/image\\\/\",\"url\":\"http:\\\/\\\/victoriazmudz.pl\\\/wordpress\\\/wp-content\\\/uploads\\\/2020\\\/07\\\/logo_mini.png\",\"contentUrl\":\"http:\\\/\\\/victoriazmudz.pl\\\/wordpress\\\/wp-content\\\/uploads\\\/2020\\\/07\\\/logo_mini.png\",\"width\":139,\"height\":181,\"caption\":\"Victoria \u017bmud\u017a\"},\"image\":{\"@id\":\"http:\\\/\\\/victoriazmudz.pl\\\/wordpress\\\/#\\\/schema\\\/logo\\\/image\\\/\"},\"sameAs\":[\"https:\\\/\\\/pl-pl.facebook.com\\\/pages\\\/category\\\/Amateur-Sports-Team\\\/Ks-Victoria-\u017bmud\u017a-464132730352427\\\/\",\"https:\\\/\\\/x.com\\\/VictoriaZmudz\"]},{\"@type\":\"Person\",\"@id\":\"http:\\\/\\\/victoriazmudz.pl\\\/wordpress\\\/#\\\/schema\\\/person\\\/8fd5b2755f2045ef668c4124c6615ca3\",\"name\":\"Pawe\u0142 Mazur\",\"image\":{\"@type\":\"ImageObject\",\"inLanguage\":\"pl-PL\",\"@id\":\"https:\\\/\\\/secure.gravatar.com\\\/avatar\\\/bdffa9f55c6323321630004f0d4a47e5ecff9d524bf4f3d318f33a376b3c890e?s=96&d=mm&r=g\",\"url\":\"https:\\\/\\\/secure.gravatar.com\\\/avatar\\\/bdffa9f55c6323321630004f0d4a47e5ecff9d524bf4f3d318f33a376b3c890e?s=96&d=mm&r=g\",\"contentUrl\":\"https:\\\/\\\/secure.gravatar.com\\\/avatar\\\/bdffa9f55c6323321630004f0d4a47e5ecff9d524bf4f3d318f33a376b3c890e?s=96&d=mm&r=g\",\"caption\":\"Pawe\u0142 Mazur\"},\"sameAs\":[\"http:\"],\"url\":\"http:\\\/\\\/victoriazmudz.pl\\\/wordpress\\\/author\\\/pabloo99\\\/\"}]}<\/script>\n<!-- \/ Yoast SEO plugin. -->","yoast_head_json":{"title":"Ruch II Izbica - Victoria \u017bmud\u017a 3:4 - Victoria \u017bmud\u017a","robots":{"index":"index","follow":"follow","max-snippet":"max-snippet:-1","max-image-preview":"max-image-preview:large","max-video-preview":"max-video-preview:-1"},"canonical":"http:\/\/victoriazmudz.pl\/wordpress\/2025\/04\/24\/ruch-victoria-3-4\/","og_locale":"pl_PL","og_type":"article","og_title":"Ruch II Izbica - Victoria \u017bmud\u017a 3:4 - Victoria \u017bmud\u017a","og_description":"Ruch II Izbica &#8211; Victoria \u017bmud\u017a 3:4 (3:2) Bramki: Mateusz Kliszcz 6&#8242;, Bart\u0142omiej Jak\u00f3bczak 27&#8242;, 32&#8242; &#8211; Artur Iwat 15&#8242;, 55&#8242;, 56&#8242;, Oskar Grobelny 44&#8242;. Ruch: Sasim &#8211; B\u0142onka (73&#8242; Swatowski), Kaszak, Mazurek, Ju\u015bci\u0144ski (73&#8242; Hawryluk), Wr\u00f3bel, Jak\u00f3bczak, Binek (30&#8242; Tokarz (80&#8242; Papis)), Kliszcz (20&#8242; Zaprawa (64&#8242; Tymicki)), Jaremek, Babiarz (80&#8242; Kita). trener: Piotr Moli\u0144ski...","og_url":"http:\/\/victoriazmudz.pl\/wordpress\/2025\/04\/24\/ruch-victoria-3-4\/","og_site_name":"Victoria \u017bmud\u017a","article_publisher":"https:\/\/pl-pl.facebook.com\/pages\/category\/Amateur-Sports-Team\/Ks-Victoria-%c5%bbmud%c5%ba-464132730352427\/","article_published_time":"2025-04-24T19:27:47+00:00","og_image":[{"width":960,"height":720,"url":"http:\/\/victoriazmudz.pl\/wordpress\/wp-content\/uploads\/2023\/06\/351363913_965750704457404_4433727089493443914_n.jpg","type":"image\/jpeg"}],"author":"Pawe\u0142 Mazur","twitter_card":"summary_large_image","twitter_creator":"@VictoriaZmudz","twitter_site":"@VictoriaZmudz","twitter_misc":{"Napisane przez":"Pawe\u0142 Mazur","Szacowany czas czytania":"2 minuty"},"schema":{"@context":"https:\/\/schema.org","@graph":[{"@type":"Article","@id":"http:\/\/victoriazmudz.pl\/wordpress\/2025\/04\/24\/ruch-victoria-3-4\/#article","isPartOf":{"@id":"http:\/\/victoriazmudz.pl\/wordpress\/2025\/04\/24\/ruch-victoria-3-4\/"},"author":{"name":"Pawe\u0142 Mazur","@id":"http:\/\/victoriazmudz.pl\/wordpress\/#\/schema\/person\/8fd5b2755f2045ef668c4124c6615ca3"},"headline":"Ruch II Izbica &#8211; Victoria \u017bmud\u017a 3:4","datePublished":"2025-04-24T19:27:47+00:00","mainEntityOfPage":{"@id":"http:\/\/victoriazmudz.pl\/wordpress\/2025\/04\/24\/ruch-victoria-3-4\/"},"wordCount":214,"commentCount":0,"publisher":{"@id":"http:\/\/victoriazmudz.pl\/wordpress\/#organization"},"image":{"@id":"http:\/\/victoriazmudz.pl\/wordpress\/2025\/04\/24\/ruch-victoria-3-4\/#primaryimage"},"thumbnailUrl":"http:\/\/victoriazmudz.pl\/wordpress\/wp-content\/uploads\/2023\/06\/351363913_965750704457404_4433727089493443914_n.jpg","keywords":["A klasa","Ruch Izbica","Victoria \u017bmud\u017a"],"articleSection":["A klasa","sezon 2024\/2025"],"inLanguage":"pl-PL","potentialAction":[{"@type":"CommentAction","name":"Comment","target":["http:\/\/victoriazmudz.pl\/wordpress\/2025\/04\/24\/ruch-victoria-3-4\/#respond"]}]},{"@type":"WebPage","@id":"http:\/\/victoriazmudz.pl\/wordpress\/2025\/04\/24\/ruch-victoria-3-4\/","url":"http:\/\/victoriazmudz.pl\/wordpress\/2025\/04\/24\/ruch-victoria-3-4\/","name":"Ruch II Izbica - Victoria \u017bmud\u017a 3:4 - Victoria \u017bmud\u017a","isPartOf":{"@id":"http:\/\/victoriazmudz.pl\/wordpress\/#website"},"primaryImageOfPage":{"@id":"http:\/\/victoriazmudz.pl\/wordpress\/2025\/04\/24\/ruch-victoria-3-4\/#primaryimage"},"image":{"@id":"http:\/\/victoriazmudz.pl\/wordpress\/2025\/04\/24\/ruch-victoria-3-4\/#primaryimage"},"thumbnailUrl":"http:\/\/victoriazmudz.pl\/wordpress\/wp-content\/uploads\/2023\/06\/351363913_965750704457404_4433727089493443914_n.jpg","datePublished":"2025-04-24T19:27:47+00:00","breadcrumb":{"@id":"http:\/\/victoriazmudz.pl\/wordpress\/2025\/04\/24\/ruch-victoria-3-4\/#breadcrumb"},"inLanguage":"pl-PL","potentialAction":[{"@type":"ReadAction","target":["http:\/\/victoriazmudz.pl\/wordpress\/2025\/04\/24\/ruch-victoria-3-4\/"]}]},{"@type":"ImageObject","inLanguage":"pl-PL","@id":"http:\/\/victoriazmudz.pl\/wordpress\/2025\/04\/24\/ruch-victoria-3-4\/#primaryimage","url":"http:\/\/victoriazmudz.pl\/wordpress\/wp-content\/uploads\/2023\/06\/351363913_965750704457404_4433727089493443914_n.jpg","contentUrl":"http:\/\/victoriazmudz.pl\/wordpress\/wp-content\/uploads\/2023\/06\/351363913_965750704457404_4433727089493443914_n.jpg","width":960,"height":720},{"@type":"BreadcrumbList","@id":"http:\/\/victoriazmudz.pl\/wordpress\/2025\/04\/24\/ruch-victoria-3-4\/#breadcrumb","itemListElement":[{"@type":"ListItem","position":1,"name":"Strona g\u0142\u00f3wna","item":"http:\/\/victoriazmudz.pl\/wordpress\/"},{"@type":"ListItem","position":2,"name":"Ruch II Izbica &#8211; Victoria \u017bmud\u017a 3:4"}]},{"@type":"WebSite","@id":"http:\/\/victoriazmudz.pl\/wordpress\/#website","url":"http:\/\/victoriazmudz.pl\/wordpress\/","name":"Victoria \u017bmud\u017a","description":"Strona klubowa Victorii \u017bmud\u017a","publisher":{"@id":"http:\/\/victoriazmudz.pl\/wordpress\/#organization"},"potentialAction":[{"@type":"SearchAction","target":{"@type":"EntryPoint","urlTemplate":"http:\/\/victoriazmudz.pl\/wordpress\/?s={search_term_string}"},"query-input":{"@type":"PropertyValueSpecification","valueRequired":true,"valueName":"search_term_string"}}],"inLanguage":"pl-PL"},{"@type":"Organization","@id":"http:\/\/victoriazmudz.pl\/wordpress\/#organization","name":"Victoria \u017bmud\u017a","url":"http:\/\/victoriazmudz.pl\/wordpress\/","logo":{"@type":"ImageObject","inLanguage":"pl-PL","@id":"http:\/\/victoriazmudz.pl\/wordpress\/#\/schema\/logo\/image\/","url":"http:\/\/victoriazmudz.pl\/wordpress\/wp-content\/uploads\/2020\/07\/logo_mini.png","contentUrl":"http:\/\/victoriazmudz.pl\/wordpress\/wp-content\/uploads\/2020\/07\/logo_mini.png","width":139,"height":181,"caption":"Victoria \u017bmud\u017a"},"image":{"@id":"http:\/\/victoriazmudz.pl\/wordpress\/#\/schema\/logo\/image\/"},"sameAs":["https:\/\/pl-pl.facebook.com\/pages\/category\/Amateur-Sports-Team\/Ks-Victoria-\u017bmud\u017a-464132730352427\/","https:\/\/x.com\/VictoriaZmudz"]},{"@type":"Person","@id":"http:\/\/victoriazmudz.pl\/wordpress\/#\/schema\/person\/8fd5b2755f2045ef668c4124c6615ca3","name":"Pawe\u0142 Mazur","image":{"@type":"ImageObject","inLanguage":"pl-PL","@id":"https:\/\/secure.gravatar.com\/avatar\/bdffa9f55c6323321630004f0d4a47e5ecff9d524bf4f3d318f33a376b3c890e?s=96&d=mm&r=g","url":"https:\/\/secure.gravatar.com\/avatar\/bdffa9f55c6323321630004f0d4a47e5ecff9d524bf4f3d318f33a376b3c890e?s=96&d=mm&r=g","contentUrl":"https:\/\/secure.gravatar.com\/avatar\/bdffa9f55c6323321630004f0d4a47e5ecff9d524bf4f3d318f33a376b3c890e?s=96&d=mm&r=g","caption":"Pawe\u0142 Mazur"},"sameAs":["http:"],"url":"http:\/\/victoriazmudz.pl\/wordpress\/author\/pabloo99\/"}]}},"jetpack_publicize_connections":[],"jetpack_featured_media_url":"http:\/\/victoriazmudz.pl\/wordpress\/wp-content\/uploads\/2023\/06\/351363913_965750704457404_4433727089493443914_n.jpg","jetpack_sharing_enabled":true,"_links":{"self":[{"href":"http:\/\/victoriazmudz.pl\/wordpress\/wp-json\/wp\/v2\/posts\/11083","targetHints":{"allow":["GET"]}}],"collection":[{"href":"http:\/\/victoriazmudz.pl\/wordpress\/wp-json\/wp\/v2\/posts"}],"about":[{"href":"http:\/\/victoriazmudz.pl\/wordpress\/wp-json\/wp\/v2\/types\/post"}],"author":[{"embeddable":true,"href":"http:\/\/victoriazmudz.pl\/wordpress\/wp-json\/wp\/v2\/users\/1"}],"replies":[{"embeddable":true,"href":"http:\/\/victoriazmudz.pl\/wordpress\/wp-json\/wp\/v2\/comments?post=11083"}],"version-history":[{"count":2,"href":"http:\/\/victoriazmudz.pl\/wordpress\/wp-json\/wp\/v2\/posts\/11083\/revisions"}],"predecessor-version":[{"id":11085,"href":"http:\/\/victoriazmudz.pl\/wordpress\/wp-json\/wp\/v2\/posts\/11083\/revisions\/11085"}],"wp:featuredmedia":[{"embeddable":true,"href":"http:\/\/victoriazmudz.pl\/wordpress\/wp-json\/wp\/v2\/media\/8364"}],"wp:attachment":[{"href":"http:\/\/victoriazmudz.pl\/wordpress\/wp-json\/wp\/v2\/media?parent=11083"}],"wp:term":[{"taxonomy":"category","embeddable":true,"href":"http:\/\/victoriazmudz.pl\/wordpress\/wp-json\/wp\/v2\/categories?post=11083"},{"taxonomy":"post_tag","embeddable":true,"href":"http:\/\/victoriazmudz.pl\/wordpress\/wp-json\/wp\/v2\/tags?post=11083"}],"curies":[{"name":"wp","href":"https:\/\/api.w.org\/{rel}","templated":true}]}}