{"id":10958,"date":"2025-04-03T12:36:57","date_gmt":"2025-04-03T10:36:57","guid":{"rendered":"http:\/\/victoriazmudz.pl\/wordpress\/?p=10958"},"modified":"2025-04-26T23:21:08","modified_gmt":"2025-04-26T21:21:08","slug":"przed-rozpoczeciem-rundy-wiosennej-sezonu-2024-2025","status":"publish","type":"post","link":"http:\/\/victoriazmudz.pl\/wordpress\/2025\/04\/03\/przed-rozpoczeciem-rundy-wiosennej-sezonu-2024-2025\/","title":{"rendered":"Przed rozpocz\u0119ciem rundy wiosennej sezonu 2024\/2025"},"content":{"rendered":"<p><strong>Kadra Victorii \u017bmud\u017a na rund\u0119 wiosenn\u0105 sezonu 2024\/2025: <\/strong><strong><br \/>\n<\/strong>Tomasz Pogorzelec, Hubert Ko\u0142odziejczyk, Grzegorz Wierzbicki, Damian Urba\u0144ski, Dawid Urba\u0144ski, Mateusz Seniuk, Artur Iwat, Mi\u0142osz Kusy, Pawe\u0142 Kossowski, Przemys\u0142aw Pieczykolan, Adrian Czajka, Oskar Grobelny, Nikodem Cymborski, \u0141ukasz Toporowski, Filip Zarek, Jakub Fronc, Ernest Urba\u0144ski, Tomasz Tabu\u0142a, Marcin Ostaszewski, Jaros\u0142aw Olejniczak, Ireneusz Fronc, Robert Wagner, Cezary Kowalewski, Tomasz Binkiewicz.<\/p>\n<p><strong>Trener:<\/strong> Piotr Moli\u0144ski<br \/>\n<strong>Kierownik dru\u017cyny:<\/strong> Dariusz Czarnota<br \/>\n&nbsp;<br \/>\n<strong>Przybyli:<\/strong><strong><br \/>\n<\/strong>Tomasz Binkiewicz (Vojs\u0142awia Wojs\u0142awice)<br \/>\n&nbsp;<br \/>\n<strong>Ubyli:<\/strong><br \/>\n<a href=\"http:\/\/victoriazmudz.pl\/wordpress\/2025\/03\/24\/wojciech-stanczykowski-zawodnikiem-granicy-dorohusk\/\">Wojciech Sta\u0144czykowski (Granica Dorohusk)<\/a><br \/>\nJakub Wawryszczuk (kontuzja)<br \/>\nKonrad Szymczuk, Maksym Naumovych (nie wznowili trening\u00f3w)<br \/>\n&nbsp;<br \/>\n<b>Mecze sparingowe rozegrane podczas przerwy w rozgrywkach:<br \/>\n<\/b>09.02 \u2013 Victoria &#8211; Unia Rejowiec 0:1<br \/>\n22.02 \u2013 Victoria &#8211; GKS \u0141opiennik 1:5<br \/>\n02.03 \u2013 Victoria &#8211; Sawena Sawin 3:3<br \/>\n08.03 \u2013 Vojs\u0142awia Wojs\u0142awice &#8211; Victoria 7:3<br \/>\n16.03 \u2013 Victoria &#8211; Ogniwo Wierzbica 2:6<br \/>\n23.03 \u2013 Victoria &#8211; Unia Bia\u0142opole 1:5<br \/>\n26.03 \u2013 Victoria &#8211; Astra Le\u015bniowice II 7:2<br \/>\n30.03 \u2013 Victoria &#8211; Znicz Siennica R\u00f3\u017cana 3:2<br \/>\n&nbsp;<br \/>\n<b>Terminarz 12 kolejki:<br \/>\n<\/b><div class=\"sportspress sp-widget-align-none\"><div class=\"sp-template sp-template-event-list\">\n\t\t<div class=\"sp-table-wrapper\">\n\t\t<table class=\"sportix-responsive-table sp-event-list sp-event-list-format-title sp-data-table sp-paginated-table sp-sortable-table sp-scrollable-table\" data-sp-rows=\"7\">\n\t\t\t<thead>\n\t\t\t\t<tr>\n\t\t\t\t\t<th class=\"data-date\">Data<\/th><th class=\"data-event\">Mecz<\/th><th class=\"data-time\">Wynik<\/th>\t\t\t\t<\/tr>\n\t\t\t<\/thead>\n\t\t\t<tbody>\n\t\t\t\t<tr class=\"sp-row sp-post alternate sp-row-no-0\" itemscope itemtype=\"http:\/\/schema.org\/SportsEvent\"><td class=\"data-date\" itemprop=\"startDate\" content=\"2025-04-06T16:00+02:00\" data-label=\"Date\"><a href=\"http:\/\/victoriazmudz.pl\/wordpress\/event\/10865\/ \"itemprop=\"url\"><date>2025-04-06 16:00:00<\/date>06\/04\/2025<\/a><\/td><td class=\"data-event\" data-label=\"Mecz\"><a href=\"http:\/\/victoriazmudz.pl\/wordpress\/event\/10865\/\"><span class=\"sportix-list-logo\"><img loading=\"lazy\" decoding=\"async\" width=\"32\" height=\"32\" src=\"http:\/\/victoriazmudz.pl\/wordpress\/wp-content\/uploads\/2023\/07\/pawlow-32x32.jpg\" class=\"attachment-sportspress-fit-mini size-sportspress-fit-mini wp-post-image\" alt=\"\" \/><\/span> <span class=\"sportix-list-logo\"><img loading=\"lazy\" decoding=\"async\" width=\"32\" height=\"32\" src=\"http:\/\/victoriazmudz.pl\/wordpress\/wp-content\/uploads\/2020\/07\/unia_bialopole_logo-32x32.png\" class=\"attachment-sportspress-fit-mini size-sportspress-fit-mini wp-post-image\" alt=\"\" \/><\/span> GKS START-REGENT - Unia Bia\u0142opole<\/a><\/td><td class=\"data-time \" data-label=\"Godzina\/Wynik\"><a href=\"http:\/\/victoriazmudz.pl\/wordpress\/event\/10865\/\" itemprop=\"url\">3 - 1<\/a><\/td><\/tr><tr class=\"sp-row sp-post sp-row-no-1\" itemscope itemtype=\"http:\/\/schema.org\/SportsEvent\"><td class=\"data-date\" itemprop=\"startDate\" content=\"2025-04-06T16:00+02:00\" data-label=\"Date\"><a href=\"http:\/\/victoriazmudz.pl\/wordpress\/event\/10866\/ \"itemprop=\"url\"><date>2025-04-06 16:00:00<\/date>06\/04\/2025<\/a><\/td><td class=\"data-event\" data-label=\"Mecz\"><a href=\"http:\/\/victoriazmudz.pl\/wordpress\/event\/10866\/\"><span class=\"sportix-list-logo\"><img loading=\"lazy\" decoding=\"async\" width=\"32\" height=\"32\" src=\"http:\/\/victoriazmudz.pl\/wordpress\/wp-content\/uploads\/2020\/08\/izbica-32x32.png\" class=\"attachment-sportspress-fit-mini size-sportspress-fit-mini wp-post-image\" alt=\"\" \/><\/span> <span class=\"sportix-list-logo\"><img loading=\"lazy\" decoding=\"async\" width=\"32\" height=\"32\" src=\"http:\/\/victoriazmudz.pl\/wordpress\/wp-content\/uploads\/2020\/08\/orzel-32x32.png\" class=\"attachment-sportspress-fit-mini size-sportspress-fit-mini wp-post-image\" alt=\"\" \/><\/span> Ruch II Izbica - Orze\u0142 Srebrzyszcze<\/a><\/td><td class=\"data-time \" data-label=\"Godzina\/Wynik\"><a href=\"http:\/\/victoriazmudz.pl\/wordpress\/event\/10866\/\" itemprop=\"url\">3 - 0<\/a><\/td><\/tr><tr class=\"sp-row sp-post alternate sp-row-no-2\" itemscope itemtype=\"http:\/\/schema.org\/SportsEvent\"><td class=\"data-date\" itemprop=\"startDate\" content=\"2025-04-06T16:00+02:00\" data-label=\"Date\"><a href=\"http:\/\/victoriazmudz.pl\/wordpress\/event\/10867\/ \"itemprop=\"url\"><date>2025-04-06 16:00:00<\/date>06\/04\/2025<\/a><\/td><td class=\"data-event\" data-label=\"Mecz\"><a href=\"http:\/\/victoriazmudz.pl\/wordpress\/event\/10867\/\"><span class=\"sportix-list-logo\"><img loading=\"lazy\" decoding=\"async\" width=\"32\" height=\"32\" src=\"http:\/\/victoriazmudz.pl\/wordpress\/wp-content\/uploads\/2021\/08\/vitrum-32x32.jpg\" class=\"attachment-sportspress-fit-mini size-sportspress-fit-mini wp-post-image\" alt=\"\" \/><\/span> <span class=\"sportix-list-logo\"><img loading=\"lazy\" decoding=\"async\" width=\"32\" height=\"32\" src=\"http:\/\/victoriazmudz.pl\/wordpress\/wp-content\/uploads\/2022\/07\/znicz_siennica-32x32.png\" class=\"attachment-sportspress-fit-mini size-sportspress-fit-mini wp-post-image\" alt=\"\" \/><\/span> Vitrum Wola Uhruska - Znicz Siennica R\u00f3\u017cana<\/a><\/td><td class=\"data-time \" data-label=\"Godzina\/Wynik\"><a href=\"http:\/\/victoriazmudz.pl\/wordpress\/event\/10867\/\" itemprop=\"url\">8 - 1<\/a><\/td><\/tr><tr class=\"sp-row sp-post sp-row-no-3\" itemscope itemtype=\"http:\/\/schema.org\/SportsEvent\"><td class=\"data-date\" itemprop=\"startDate\" content=\"2025-04-06T16:00+02:00\" data-label=\"Date\"><a href=\"http:\/\/victoriazmudz.pl\/wordpress\/event\/10868\/ \"itemprop=\"url\"><date>2025-04-06 16:00:00<\/date>06\/04\/2025<\/a><\/td><td class=\"data-event\" data-label=\"Mecz\"><a href=\"http:\/\/victoriazmudz.pl\/wordpress\/event\/10868\/\"><span class=\"sportix-list-logo\"><img loading=\"lazy\" decoding=\"async\" width=\"32\" height=\"32\" src=\"http:\/\/victoriazmudz.pl\/wordpress\/wp-content\/uploads\/2021\/08\/hutnik_ruda-1-32x32.jpg\" class=\"attachment-sportspress-fit-mini size-sportspress-fit-mini wp-post-image\" alt=\"\" \/><\/span> <span class=\"sportix-list-logo\"><img loading=\"lazy\" decoding=\"async\" width=\"32\" height=\"32\" src=\"http:\/\/victoriazmudz.pl\/wordpress\/wp-content\/uploads\/2020\/07\/Victoria_Zmudz-32x32.jpg\" class=\"attachment-sportspress-fit-mini size-sportspress-fit-mini wp-post-image\" alt=\"\" \/><\/span> Hutnik Ruda-Huta - Victoria \u017bmud\u017a<\/a><\/td><td class=\"data-time ok\" data-label=\"Godzina\/Wynik\"><a href=\"http:\/\/victoriazmudz.pl\/wordpress\/event\/10868\/\" itemprop=\"url\">1 - 3<\/a><\/td><\/tr><tr class=\"sp-row sp-post alternate sp-row-no-4\" itemscope itemtype=\"http:\/\/schema.org\/SportsEvent\"><td class=\"data-date\" itemprop=\"startDate\" content=\"2025-04-06T16:00+02:00\" data-label=\"Date\"><a href=\"http:\/\/victoriazmudz.pl\/wordpress\/event\/10869\/ \"itemprop=\"url\"><date>2025-04-06 16:00:00<\/date>06\/04\/2025<\/a><\/td><td class=\"data-event\" data-label=\"Mecz\"><a href=\"http:\/\/victoriazmudz.pl\/wordpress\/event\/10869\/\"><span class=\"sportix-list-logo\"><img loading=\"lazy\" decoding=\"async\" width=\"32\" height=\"32\" src=\"http:\/\/victoriazmudz.pl\/wordpress\/wp-content\/uploads\/2022\/07\/eko-32x32.png\" class=\"attachment-sportspress-fit-mini size-sportspress-fit-mini wp-post-image\" alt=\"\" \/><\/span> <span class=\"sportix-list-logo\"><img loading=\"lazy\" decoding=\"async\" width=\"32\" height=\"32\" src=\"http:\/\/victoriazmudz.pl\/wordpress\/wp-content\/uploads\/2023\/07\/dubeczno-32x32.jpg\" class=\"attachment-sportspress-fit-mini size-sportspress-fit-mini wp-post-image\" alt=\"\" \/><\/span> EKO-R\u00d3\u017bANKA - Hutnik Dubeczno<\/a><\/td><td class=\"data-time \" data-label=\"Godzina\/Wynik\"><a href=\"http:\/\/victoriazmudz.pl\/wordpress\/event\/10869\/\" itemprop=\"url\">6 - 0<\/a><\/td><\/tr><tr class=\"sp-row sp-post sp-row-no-5\" itemscope itemtype=\"http:\/\/schema.org\/SportsEvent\"><td class=\"data-date\" itemprop=\"startDate\" content=\"2025-04-06T13:00+02:00\" data-label=\"Date\"><a href=\"http:\/\/victoriazmudz.pl\/wordpress\/event\/10870\/ \"itemprop=\"url\"><date>2025-04-06 13:00:00<\/date>06\/04\/2025<\/a><\/td><td class=\"data-event\" data-label=\"Mecz\"><a href=\"http:\/\/victoriazmudz.pl\/wordpress\/event\/10870\/\"><span class=\"sportix-list-logo\"><img loading=\"lazy\" decoding=\"async\" width=\"32\" height=\"32\" src=\"http:\/\/victoriazmudz.pl\/wordpress\/wp-content\/uploads\/2023\/07\/agros_suchawa-32x32.png\" class=\"attachment-sportspress-fit-mini size-sportspress-fit-mini wp-post-image\" alt=\"\" \/><\/span> <span class=\"sportix-list-logo\"><img loading=\"lazy\" decoding=\"async\" width=\"32\" height=\"32\" src=\"http:\/\/victoriazmudz.pl\/wordpress\/wp-content\/uploads\/2021\/08\/mks-32x32.jpg\" class=\"attachment-sportspress-fit-mini size-sportspress-fit-mini wp-post-image\" alt=\"\" \/><\/span> Agros Suchawa - MKS SIEDLISKA<\/a><\/td><td class=\"data-time \" data-label=\"Godzina\/Wynik\"><a href=\"http:\/\/victoriazmudz.pl\/wordpress\/event\/10870\/\" itemprop=\"url\">3 - 2<\/a><\/td><\/tr>\t\t\t<\/tbody>\n\t\t<\/table>\n\t<\/div>\n\t<\/div><\/div><br \/>\n&nbsp;<br \/>\n<a href=\"http:\/\/victoriazmudz.pl\/wordpress\/rozgrywki\/tabela-ligowa\/\">Tabela ligowa<\/a><br \/>\n<a href=\"http:\/\/victoriazmudz.pl\/wordpress\/rozgrywki\/wyniki-i-terminarz\/\">Terminarz rozgrywek<\/a><br \/>\n<a href=\"http:\/\/victoriazmudz.pl\/wordpress\/live\/\">Wyniki na \u017cywo<\/a><\/p>\n","protected":false},"excerpt":{"rendered":"<p>Kadra Victorii \u017bmud\u017a na rund\u0119 wiosenn\u0105 sezonu 2024\/2025: Tomasz Pogorzelec, Hubert Ko\u0142odziejczyk, Grzegorz Wierzbicki, Damian Urba\u0144ski, Dawid Urba\u0144ski, Mateusz Seniuk, Artur Iwat, Mi\u0142osz Kusy, Pawe\u0142 Kossowski, Przemys\u0142aw Pieczykolan, Adrian Czajka, Oskar Grobelny, Nikodem Cymborski, \u0141ukasz Toporowski, Filip Zarek, Jakub Fronc, Ernest Urba\u0144ski, Tomasz Tabu\u0142a, Marcin Ostaszewski, Jaros\u0142aw Olejniczak, Ireneusz Fronc, Robert Wagner, Cezary Kowalewski, Tomasz&#8230;<\/p>\n","protected":false},"author":1,"featured_media":8364,"comment_status":"open","ping_status":"open","sticky":false,"template":"","format":"standard","meta":{"ngg_post_thumbnail":0,"_jetpack_memberships_contains_paid_content":false,"footnotes":"","jetpack_publicize_message":"","jetpack_publicize_feature_enabled":true,"jetpack_social_post_already_shared":true,"jetpack_social_options":{"image_generator_settings":{"template":"highway","default_image_id":0,"font":"","enabled":false},"version":2}},"categories":[196,264],"tags":[198,115],"class_list":["post-10958","post","type-post","status-publish","format-standard","has-post-thumbnail","hentry","category-a-klasa","category-sezon-2024-2025","tag-a-klasa","tag-victoria-zmudz"],"yoast_head":"<!-- This site is optimized with the Yoast SEO plugin v27.3 - https:\/\/yoast.com\/product\/yoast-seo-wordpress\/ -->\n<title>Przed rozpocz\u0119ciem rundy wiosennej sezonu 2024\/2025 - Victoria \u017bmud\u017a<\/title>\n<meta name=\"robots\" content=\"index, follow, max-snippet:-1, max-image-preview:large, max-video-preview:-1\" \/>\n<link rel=\"canonical\" href=\"http:\/\/victoriazmudz.pl\/wordpress\/2025\/04\/03\/przed-rozpoczeciem-rundy-wiosennej-sezonu-2024-2025\/\" \/>\n<meta property=\"og:locale\" content=\"pl_PL\" \/>\n<meta property=\"og:type\" content=\"article\" \/>\n<meta property=\"og:title\" content=\"Przed rozpocz\u0119ciem rundy wiosennej sezonu 2024\/2025 - Victoria \u017bmud\u017a\" \/>\n<meta property=\"og:description\" content=\"Kadra Victorii \u017bmud\u017a na rund\u0119 wiosenn\u0105 sezonu 2024\/2025: Tomasz Pogorzelec, Hubert Ko\u0142odziejczyk, Grzegorz Wierzbicki, Damian Urba\u0144ski, Dawid Urba\u0144ski, Mateusz Seniuk, Artur Iwat, Mi\u0142osz Kusy, Pawe\u0142 Kossowski, Przemys\u0142aw Pieczykolan, Adrian Czajka, Oskar Grobelny, Nikodem Cymborski, \u0141ukasz Toporowski, Filip Zarek, Jakub Fronc, Ernest Urba\u0144ski, Tomasz Tabu\u0142a, Marcin Ostaszewski, Jaros\u0142aw Olejniczak, Ireneusz Fronc, Robert Wagner, Cezary Kowalewski, Tomasz...\" \/>\n<meta property=\"og:url\" content=\"http:\/\/victoriazmudz.pl\/wordpress\/2025\/04\/03\/przed-rozpoczeciem-rundy-wiosennej-sezonu-2024-2025\/\" \/>\n<meta property=\"og:site_name\" content=\"Victoria \u017bmud\u017a\" \/>\n<meta property=\"article:publisher\" content=\"https:\/\/pl-pl.facebook.com\/pages\/category\/Amateur-Sports-Team\/Ks-Victoria-%c5%bbmud%c5%ba-464132730352427\/\" \/>\n<meta property=\"article:published_time\" content=\"2025-04-03T10:36:57+00:00\" \/>\n<meta property=\"article:modified_time\" content=\"2025-04-26T21:21:08+00:00\" \/>\n<meta property=\"og:image\" content=\"http:\/\/victoriazmudz.pl\/wordpress\/wp-content\/uploads\/2023\/06\/351363913_965750704457404_4433727089493443914_n.jpg\" \/>\n\t<meta property=\"og:image:width\" content=\"960\" \/>\n\t<meta property=\"og:image:height\" content=\"720\" \/>\n\t<meta property=\"og:image:type\" content=\"image\/jpeg\" \/>\n<meta name=\"author\" content=\"Pawe\u0142 Mazur\" \/>\n<meta name=\"twitter:card\" content=\"summary_large_image\" \/>\n<meta name=\"twitter:creator\" content=\"@VictoriaZmudz\" \/>\n<meta name=\"twitter:site\" content=\"@VictoriaZmudz\" \/>\n<meta name=\"twitter:label1\" content=\"Napisane przez\" \/>\n\t<meta name=\"twitter:data1\" content=\"Pawe\u0142 Mazur\" \/>\n\t<meta name=\"twitter:label2\" content=\"Szacowany czas czytania\" \/>\n\t<meta name=\"twitter:data2\" content=\"2 minuty\" \/>\n<script type=\"application\/ld+json\" class=\"yoast-schema-graph\">{\"@context\":\"https:\\\/\\\/schema.org\",\"@graph\":[{\"@type\":\"Article\",\"@id\":\"http:\\\/\\\/victoriazmudz.pl\\\/wordpress\\\/2025\\\/04\\\/03\\\/przed-rozpoczeciem-rundy-wiosennej-sezonu-2024-2025\\\/#article\",\"isPartOf\":{\"@id\":\"http:\\\/\\\/victoriazmudz.pl\\\/wordpress\\\/2025\\\/04\\\/03\\\/przed-rozpoczeciem-rundy-wiosennej-sezonu-2024-2025\\\/\"},\"author\":{\"name\":\"Pawe\u0142 Mazur\",\"@id\":\"http:\\\/\\\/victoriazmudz.pl\\\/wordpress\\\/#\\\/schema\\\/person\\\/8fd5b2755f2045ef668c4124c6615ca3\"},\"headline\":\"Przed rozpocz\u0119ciem rundy wiosennej sezonu 2024\\\/2025\",\"datePublished\":\"2025-04-03T10:36:57+00:00\",\"dateModified\":\"2025-04-26T21:21:08+00:00\",\"mainEntityOfPage\":{\"@id\":\"http:\\\/\\\/victoriazmudz.pl\\\/wordpress\\\/2025\\\/04\\\/03\\\/przed-rozpoczeciem-rundy-wiosennej-sezonu-2024-2025\\\/\"},\"wordCount\":200,\"commentCount\":0,\"publisher\":{\"@id\":\"http:\\\/\\\/victoriazmudz.pl\\\/wordpress\\\/#organization\"},\"image\":{\"@id\":\"http:\\\/\\\/victoriazmudz.pl\\\/wordpress\\\/2025\\\/04\\\/03\\\/przed-rozpoczeciem-rundy-wiosennej-sezonu-2024-2025\\\/#primaryimage\"},\"thumbnailUrl\":\"http:\\\/\\\/victoriazmudz.pl\\\/wordpress\\\/wp-content\\\/uploads\\\/2023\\\/06\\\/351363913_965750704457404_4433727089493443914_n.jpg\",\"keywords\":[\"A klasa\",\"Victoria \u017bmud\u017a\"],\"articleSection\":[\"A klasa\",\"sezon 2024\\\/2025\"],\"inLanguage\":\"pl-PL\",\"potentialAction\":[{\"@type\":\"CommentAction\",\"name\":\"Comment\",\"target\":[\"http:\\\/\\\/victoriazmudz.pl\\\/wordpress\\\/2025\\\/04\\\/03\\\/przed-rozpoczeciem-rundy-wiosennej-sezonu-2024-2025\\\/#respond\"]}]},{\"@type\":\"WebPage\",\"@id\":\"http:\\\/\\\/victoriazmudz.pl\\\/wordpress\\\/2025\\\/04\\\/03\\\/przed-rozpoczeciem-rundy-wiosennej-sezonu-2024-2025\\\/\",\"url\":\"http:\\\/\\\/victoriazmudz.pl\\\/wordpress\\\/2025\\\/04\\\/03\\\/przed-rozpoczeciem-rundy-wiosennej-sezonu-2024-2025\\\/\",\"name\":\"Przed rozpocz\u0119ciem rundy wiosennej sezonu 2024\\\/2025 - Victoria \u017bmud\u017a\",\"isPartOf\":{\"@id\":\"http:\\\/\\\/victoriazmudz.pl\\\/wordpress\\\/#website\"},\"primaryImageOfPage\":{\"@id\":\"http:\\\/\\\/victoriazmudz.pl\\\/wordpress\\\/2025\\\/04\\\/03\\\/przed-rozpoczeciem-rundy-wiosennej-sezonu-2024-2025\\\/#primaryimage\"},\"image\":{\"@id\":\"http:\\\/\\\/victoriazmudz.pl\\\/wordpress\\\/2025\\\/04\\\/03\\\/przed-rozpoczeciem-rundy-wiosennej-sezonu-2024-2025\\\/#primaryimage\"},\"thumbnailUrl\":\"http:\\\/\\\/victoriazmudz.pl\\\/wordpress\\\/wp-content\\\/uploads\\\/2023\\\/06\\\/351363913_965750704457404_4433727089493443914_n.jpg\",\"datePublished\":\"2025-04-03T10:36:57+00:00\",\"dateModified\":\"2025-04-26T21:21:08+00:00\",\"breadcrumb\":{\"@id\":\"http:\\\/\\\/victoriazmudz.pl\\\/wordpress\\\/2025\\\/04\\\/03\\\/przed-rozpoczeciem-rundy-wiosennej-sezonu-2024-2025\\\/#breadcrumb\"},\"inLanguage\":\"pl-PL\",\"potentialAction\":[{\"@type\":\"ReadAction\",\"target\":[\"http:\\\/\\\/victoriazmudz.pl\\\/wordpress\\\/2025\\\/04\\\/03\\\/przed-rozpoczeciem-rundy-wiosennej-sezonu-2024-2025\\\/\"]}]},{\"@type\":\"ImageObject\",\"inLanguage\":\"pl-PL\",\"@id\":\"http:\\\/\\\/victoriazmudz.pl\\\/wordpress\\\/2025\\\/04\\\/03\\\/przed-rozpoczeciem-rundy-wiosennej-sezonu-2024-2025\\\/#primaryimage\",\"url\":\"http:\\\/\\\/victoriazmudz.pl\\\/wordpress\\\/wp-content\\\/uploads\\\/2023\\\/06\\\/351363913_965750704457404_4433727089493443914_n.jpg\",\"contentUrl\":\"http:\\\/\\\/victoriazmudz.pl\\\/wordpress\\\/wp-content\\\/uploads\\\/2023\\\/06\\\/351363913_965750704457404_4433727089493443914_n.jpg\",\"width\":960,\"height\":720},{\"@type\":\"BreadcrumbList\",\"@id\":\"http:\\\/\\\/victoriazmudz.pl\\\/wordpress\\\/2025\\\/04\\\/03\\\/przed-rozpoczeciem-rundy-wiosennej-sezonu-2024-2025\\\/#breadcrumb\",\"itemListElement\":[{\"@type\":\"ListItem\",\"position\":1,\"name\":\"Strona g\u0142\u00f3wna\",\"item\":\"http:\\\/\\\/victoriazmudz.pl\\\/wordpress\\\/\"},{\"@type\":\"ListItem\",\"position\":2,\"name\":\"Przed rozpocz\u0119ciem rundy wiosennej sezonu 2024\\\/2025\"}]},{\"@type\":\"WebSite\",\"@id\":\"http:\\\/\\\/victoriazmudz.pl\\\/wordpress\\\/#website\",\"url\":\"http:\\\/\\\/victoriazmudz.pl\\\/wordpress\\\/\",\"name\":\"Victoria \u017bmud\u017a\",\"description\":\"Strona klubowa Victorii \u017bmud\u017a\",\"publisher\":{\"@id\":\"http:\\\/\\\/victoriazmudz.pl\\\/wordpress\\\/#organization\"},\"potentialAction\":[{\"@type\":\"SearchAction\",\"target\":{\"@type\":\"EntryPoint\",\"urlTemplate\":\"http:\\\/\\\/victoriazmudz.pl\\\/wordpress\\\/?s={search_term_string}\"},\"query-input\":{\"@type\":\"PropertyValueSpecification\",\"valueRequired\":true,\"valueName\":\"search_term_string\"}}],\"inLanguage\":\"pl-PL\"},{\"@type\":\"Organization\",\"@id\":\"http:\\\/\\\/victoriazmudz.pl\\\/wordpress\\\/#organization\",\"name\":\"Victoria \u017bmud\u017a\",\"url\":\"http:\\\/\\\/victoriazmudz.pl\\\/wordpress\\\/\",\"logo\":{\"@type\":\"ImageObject\",\"inLanguage\":\"pl-PL\",\"@id\":\"http:\\\/\\\/victoriazmudz.pl\\\/wordpress\\\/#\\\/schema\\\/logo\\\/image\\\/\",\"url\":\"http:\\\/\\\/victoriazmudz.pl\\\/wordpress\\\/wp-content\\\/uploads\\\/2020\\\/07\\\/logo_mini.png\",\"contentUrl\":\"http:\\\/\\\/victoriazmudz.pl\\\/wordpress\\\/wp-content\\\/uploads\\\/2020\\\/07\\\/logo_mini.png\",\"width\":139,\"height\":181,\"caption\":\"Victoria \u017bmud\u017a\"},\"image\":{\"@id\":\"http:\\\/\\\/victoriazmudz.pl\\\/wordpress\\\/#\\\/schema\\\/logo\\\/image\\\/\"},\"sameAs\":[\"https:\\\/\\\/pl-pl.facebook.com\\\/pages\\\/category\\\/Amateur-Sports-Team\\\/Ks-Victoria-\u017bmud\u017a-464132730352427\\\/\",\"https:\\\/\\\/x.com\\\/VictoriaZmudz\"]},{\"@type\":\"Person\",\"@id\":\"http:\\\/\\\/victoriazmudz.pl\\\/wordpress\\\/#\\\/schema\\\/person\\\/8fd5b2755f2045ef668c4124c6615ca3\",\"name\":\"Pawe\u0142 Mazur\",\"image\":{\"@type\":\"ImageObject\",\"inLanguage\":\"pl-PL\",\"@id\":\"https:\\\/\\\/secure.gravatar.com\\\/avatar\\\/bdffa9f55c6323321630004f0d4a47e5ecff9d524bf4f3d318f33a376b3c890e?s=96&d=mm&r=g\",\"url\":\"https:\\\/\\\/secure.gravatar.com\\\/avatar\\\/bdffa9f55c6323321630004f0d4a47e5ecff9d524bf4f3d318f33a376b3c890e?s=96&d=mm&r=g\",\"contentUrl\":\"https:\\\/\\\/secure.gravatar.com\\\/avatar\\\/bdffa9f55c6323321630004f0d4a47e5ecff9d524bf4f3d318f33a376b3c890e?s=96&d=mm&r=g\",\"caption\":\"Pawe\u0142 Mazur\"},\"sameAs\":[\"http:\"],\"url\":\"http:\\\/\\\/victoriazmudz.pl\\\/wordpress\\\/author\\\/pabloo99\\\/\"}]}<\/script>\n<!-- \/ Yoast SEO plugin. -->","yoast_head_json":{"title":"Przed rozpocz\u0119ciem rundy wiosennej sezonu 2024\/2025 - Victoria \u017bmud\u017a","robots":{"index":"index","follow":"follow","max-snippet":"max-snippet:-1","max-image-preview":"max-image-preview:large","max-video-preview":"max-video-preview:-1"},"canonical":"http:\/\/victoriazmudz.pl\/wordpress\/2025\/04\/03\/przed-rozpoczeciem-rundy-wiosennej-sezonu-2024-2025\/","og_locale":"pl_PL","og_type":"article","og_title":"Przed rozpocz\u0119ciem rundy wiosennej sezonu 2024\/2025 - Victoria \u017bmud\u017a","og_description":"Kadra Victorii \u017bmud\u017a na rund\u0119 wiosenn\u0105 sezonu 2024\/2025: Tomasz Pogorzelec, Hubert Ko\u0142odziejczyk, Grzegorz Wierzbicki, Damian Urba\u0144ski, Dawid Urba\u0144ski, Mateusz Seniuk, Artur Iwat, Mi\u0142osz Kusy, Pawe\u0142 Kossowski, Przemys\u0142aw Pieczykolan, Adrian Czajka, Oskar Grobelny, Nikodem Cymborski, \u0141ukasz Toporowski, Filip Zarek, Jakub Fronc, Ernest Urba\u0144ski, Tomasz Tabu\u0142a, Marcin Ostaszewski, Jaros\u0142aw Olejniczak, Ireneusz Fronc, Robert Wagner, Cezary Kowalewski, Tomasz...","og_url":"http:\/\/victoriazmudz.pl\/wordpress\/2025\/04\/03\/przed-rozpoczeciem-rundy-wiosennej-sezonu-2024-2025\/","og_site_name":"Victoria \u017bmud\u017a","article_publisher":"https:\/\/pl-pl.facebook.com\/pages\/category\/Amateur-Sports-Team\/Ks-Victoria-%c5%bbmud%c5%ba-464132730352427\/","article_published_time":"2025-04-03T10:36:57+00:00","article_modified_time":"2025-04-26T21:21:08+00:00","og_image":[{"width":960,"height":720,"url":"http:\/\/victoriazmudz.pl\/wordpress\/wp-content\/uploads\/2023\/06\/351363913_965750704457404_4433727089493443914_n.jpg","type":"image\/jpeg"}],"author":"Pawe\u0142 Mazur","twitter_card":"summary_large_image","twitter_creator":"@VictoriaZmudz","twitter_site":"@VictoriaZmudz","twitter_misc":{"Napisane przez":"Pawe\u0142 Mazur","Szacowany czas czytania":"2 minuty"},"schema":{"@context":"https:\/\/schema.org","@graph":[{"@type":"Article","@id":"http:\/\/victoriazmudz.pl\/wordpress\/2025\/04\/03\/przed-rozpoczeciem-rundy-wiosennej-sezonu-2024-2025\/#article","isPartOf":{"@id":"http:\/\/victoriazmudz.pl\/wordpress\/2025\/04\/03\/przed-rozpoczeciem-rundy-wiosennej-sezonu-2024-2025\/"},"author":{"name":"Pawe\u0142 Mazur","@id":"http:\/\/victoriazmudz.pl\/wordpress\/#\/schema\/person\/8fd5b2755f2045ef668c4124c6615ca3"},"headline":"Przed rozpocz\u0119ciem rundy wiosennej sezonu 2024\/2025","datePublished":"2025-04-03T10:36:57+00:00","dateModified":"2025-04-26T21:21:08+00:00","mainEntityOfPage":{"@id":"http:\/\/victoriazmudz.pl\/wordpress\/2025\/04\/03\/przed-rozpoczeciem-rundy-wiosennej-sezonu-2024-2025\/"},"wordCount":200,"commentCount":0,"publisher":{"@id":"http:\/\/victoriazmudz.pl\/wordpress\/#organization"},"image":{"@id":"http:\/\/victoriazmudz.pl\/wordpress\/2025\/04\/03\/przed-rozpoczeciem-rundy-wiosennej-sezonu-2024-2025\/#primaryimage"},"thumbnailUrl":"http:\/\/victoriazmudz.pl\/wordpress\/wp-content\/uploads\/2023\/06\/351363913_965750704457404_4433727089493443914_n.jpg","keywords":["A klasa","Victoria \u017bmud\u017a"],"articleSection":["A klasa","sezon 2024\/2025"],"inLanguage":"pl-PL","potentialAction":[{"@type":"CommentAction","name":"Comment","target":["http:\/\/victoriazmudz.pl\/wordpress\/2025\/04\/03\/przed-rozpoczeciem-rundy-wiosennej-sezonu-2024-2025\/#respond"]}]},{"@type":"WebPage","@id":"http:\/\/victoriazmudz.pl\/wordpress\/2025\/04\/03\/przed-rozpoczeciem-rundy-wiosennej-sezonu-2024-2025\/","url":"http:\/\/victoriazmudz.pl\/wordpress\/2025\/04\/03\/przed-rozpoczeciem-rundy-wiosennej-sezonu-2024-2025\/","name":"Przed rozpocz\u0119ciem rundy wiosennej sezonu 2024\/2025 - Victoria \u017bmud\u017a","isPartOf":{"@id":"http:\/\/victoriazmudz.pl\/wordpress\/#website"},"primaryImageOfPage":{"@id":"http:\/\/victoriazmudz.pl\/wordpress\/2025\/04\/03\/przed-rozpoczeciem-rundy-wiosennej-sezonu-2024-2025\/#primaryimage"},"image":{"@id":"http:\/\/victoriazmudz.pl\/wordpress\/2025\/04\/03\/przed-rozpoczeciem-rundy-wiosennej-sezonu-2024-2025\/#primaryimage"},"thumbnailUrl":"http:\/\/victoriazmudz.pl\/wordpress\/wp-content\/uploads\/2023\/06\/351363913_965750704457404_4433727089493443914_n.jpg","datePublished":"2025-04-03T10:36:57+00:00","dateModified":"2025-04-26T21:21:08+00:00","breadcrumb":{"@id":"http:\/\/victoriazmudz.pl\/wordpress\/2025\/04\/03\/przed-rozpoczeciem-rundy-wiosennej-sezonu-2024-2025\/#breadcrumb"},"inLanguage":"pl-PL","potentialAction":[{"@type":"ReadAction","target":["http:\/\/victoriazmudz.pl\/wordpress\/2025\/04\/03\/przed-rozpoczeciem-rundy-wiosennej-sezonu-2024-2025\/"]}]},{"@type":"ImageObject","inLanguage":"pl-PL","@id":"http:\/\/victoriazmudz.pl\/wordpress\/2025\/04\/03\/przed-rozpoczeciem-rundy-wiosennej-sezonu-2024-2025\/#primaryimage","url":"http:\/\/victoriazmudz.pl\/wordpress\/wp-content\/uploads\/2023\/06\/351363913_965750704457404_4433727089493443914_n.jpg","contentUrl":"http:\/\/victoriazmudz.pl\/wordpress\/wp-content\/uploads\/2023\/06\/351363913_965750704457404_4433727089493443914_n.jpg","width":960,"height":720},{"@type":"BreadcrumbList","@id":"http:\/\/victoriazmudz.pl\/wordpress\/2025\/04\/03\/przed-rozpoczeciem-rundy-wiosennej-sezonu-2024-2025\/#breadcrumb","itemListElement":[{"@type":"ListItem","position":1,"name":"Strona g\u0142\u00f3wna","item":"http:\/\/victoriazmudz.pl\/wordpress\/"},{"@type":"ListItem","position":2,"name":"Przed rozpocz\u0119ciem rundy wiosennej sezonu 2024\/2025"}]},{"@type":"WebSite","@id":"http:\/\/victoriazmudz.pl\/wordpress\/#website","url":"http:\/\/victoriazmudz.pl\/wordpress\/","name":"Victoria \u017bmud\u017a","description":"Strona klubowa Victorii \u017bmud\u017a","publisher":{"@id":"http:\/\/victoriazmudz.pl\/wordpress\/#organization"},"potentialAction":[{"@type":"SearchAction","target":{"@type":"EntryPoint","urlTemplate":"http:\/\/victoriazmudz.pl\/wordpress\/?s={search_term_string}"},"query-input":{"@type":"PropertyValueSpecification","valueRequired":true,"valueName":"search_term_string"}}],"inLanguage":"pl-PL"},{"@type":"Organization","@id":"http:\/\/victoriazmudz.pl\/wordpress\/#organization","name":"Victoria \u017bmud\u017a","url":"http:\/\/victoriazmudz.pl\/wordpress\/","logo":{"@type":"ImageObject","inLanguage":"pl-PL","@id":"http:\/\/victoriazmudz.pl\/wordpress\/#\/schema\/logo\/image\/","url":"http:\/\/victoriazmudz.pl\/wordpress\/wp-content\/uploads\/2020\/07\/logo_mini.png","contentUrl":"http:\/\/victoriazmudz.pl\/wordpress\/wp-content\/uploads\/2020\/07\/logo_mini.png","width":139,"height":181,"caption":"Victoria \u017bmud\u017a"},"image":{"@id":"http:\/\/victoriazmudz.pl\/wordpress\/#\/schema\/logo\/image\/"},"sameAs":["https:\/\/pl-pl.facebook.com\/pages\/category\/Amateur-Sports-Team\/Ks-Victoria-\u017bmud\u017a-464132730352427\/","https:\/\/x.com\/VictoriaZmudz"]},{"@type":"Person","@id":"http:\/\/victoriazmudz.pl\/wordpress\/#\/schema\/person\/8fd5b2755f2045ef668c4124c6615ca3","name":"Pawe\u0142 Mazur","image":{"@type":"ImageObject","inLanguage":"pl-PL","@id":"https:\/\/secure.gravatar.com\/avatar\/bdffa9f55c6323321630004f0d4a47e5ecff9d524bf4f3d318f33a376b3c890e?s=96&d=mm&r=g","url":"https:\/\/secure.gravatar.com\/avatar\/bdffa9f55c6323321630004f0d4a47e5ecff9d524bf4f3d318f33a376b3c890e?s=96&d=mm&r=g","contentUrl":"https:\/\/secure.gravatar.com\/avatar\/bdffa9f55c6323321630004f0d4a47e5ecff9d524bf4f3d318f33a376b3c890e?s=96&d=mm&r=g","caption":"Pawe\u0142 Mazur"},"sameAs":["http:"],"url":"http:\/\/victoriazmudz.pl\/wordpress\/author\/pabloo99\/"}]}},"jetpack_publicize_connections":[],"jetpack_featured_media_url":"http:\/\/victoriazmudz.pl\/wordpress\/wp-content\/uploads\/2023\/06\/351363913_965750704457404_4433727089493443914_n.jpg","jetpack_sharing_enabled":true,"_links":{"self":[{"href":"http:\/\/victoriazmudz.pl\/wordpress\/wp-json\/wp\/v2\/posts\/10958","targetHints":{"allow":["GET"]}}],"collection":[{"href":"http:\/\/victoriazmudz.pl\/wordpress\/wp-json\/wp\/v2\/posts"}],"about":[{"href":"http:\/\/victoriazmudz.pl\/wordpress\/wp-json\/wp\/v2\/types\/post"}],"author":[{"embeddable":true,"href":"http:\/\/victoriazmudz.pl\/wordpress\/wp-json\/wp\/v2\/users\/1"}],"replies":[{"embeddable":true,"href":"http:\/\/victoriazmudz.pl\/wordpress\/wp-json\/wp\/v2\/comments?post=10958"}],"version-history":[{"count":6,"href":"http:\/\/victoriazmudz.pl\/wordpress\/wp-json\/wp\/v2\/posts\/10958\/revisions"}],"predecessor-version":[{"id":11090,"href":"http:\/\/victoriazmudz.pl\/wordpress\/wp-json\/wp\/v2\/posts\/10958\/revisions\/11090"}],"wp:featuredmedia":[{"embeddable":true,"href":"http:\/\/victoriazmudz.pl\/wordpress\/wp-json\/wp\/v2\/media\/8364"}],"wp:attachment":[{"href":"http:\/\/victoriazmudz.pl\/wordpress\/wp-json\/wp\/v2\/media?parent=10958"}],"wp:term":[{"taxonomy":"category","embeddable":true,"href":"http:\/\/victoriazmudz.pl\/wordpress\/wp-json\/wp\/v2\/categories?post=10958"},{"taxonomy":"post_tag","embeddable":true,"href":"http:\/\/victoriazmudz.pl\/wordpress\/wp-json\/wp\/v2\/tags?post=10958"}],"curies":[{"name":"wp","href":"https:\/\/api.w.org\/{rel}","templated":true}]}}